{"id":21078,"date":"2026-04-06T03:57:40","date_gmt":"2026-04-06T06:57:40","guid":{"rendered":"https:\/\/www.correiodascidades.com.br\/v1\/?p=21078"},"modified":"2026-04-06T03:57:40","modified_gmt":"2026-04-06T06:57:40","slug":"oposicao-ve-messias-consolidando-ativismo-no-stf","status":"publish","type":"post","link":"https:\/\/www.correiodascidades.com.br\/v1\/2026\/04\/06\/oposicao-ve-messias-consolidando-ativismo-no-stf\/","title":{"rendered":"Oposi\u00e7\u00e3o v\u00ea Messias consolidando ativismo no STF"},"content":{"rendered":"<p><img src=\"https:\/\/www.correiodascidades.com.br\/v1\/wp-content\/uploads\/2026\/04\/messias-com-lula-ricardo-stuckert-pr-768x459-1.jpeg\" \/><\/p>\n<p><span class=\"dropcap \">J<\/span>orge Messias no Supremo Tribunal Federal (STF) gerou resist\u00eancia imediata da oposi\u00e7\u00e3o por refor\u00e7ar o perfil de milit\u00e2ncia de esquerda que j\u00e1 marca outras indica\u00e7\u00f5es de Lula (PT). O advogado-geral da Uni\u00e3o \u00e9 visto por esses pol\u00edticos como operador jur\u00eddico do PT desde os governos Dilma Rousseff, que o chamava de \u201cBessias\u201d, e a defesa de pautas identit\u00e1rias e comportamentais no Judici\u00e1rio, incluindo tentativas de controle do que a esquerda n\u00e3o controla: conte\u00fados de redes sociais. <!--more--><\/p>\n<div id=\"Nota-7\" class=\"entry-block ch-nota Nota-7\">\n<h3>Comprometimento<\/h3>\n<\/div>\n<p>Messias \u00e9 o homem que representou o governo em a\u00e7\u00f5es contra supostas amea\u00e7as \u00e0s institui\u00e7\u00f5es, em embates com o bolsonarismo.<\/p>\n<div id=\"Nota-8\" class=\"entry-block ch-nota Nota-8\">\n<h3>Ativismo na veia<\/h3>\n<\/div>\n<p>Para cr\u00edticos, Messias tem no DNA \u201cteses lacradoras\u201d, o ativismo judicial que leva o STF batalhas culturais e de censura e narrativas ideol\u00f3gicas.<\/p>\n<div id=\"Nota-9\" class=\"entry-block ch-nota Nota-9\">\n<h3>Prioridade \u00e9 outra<\/h3>\n<\/div>\n<p>Lula desapontou, sem contesta\u00e7\u00f5es, quem esperava juristas mulheres ou negros no STF. Ele s\u00f3 queria pessoas confi\u00e1veis. Tinha outra prioridade.<\/p>\n","protected":false},"excerpt":{"rendered":"<p>Jorge Messias no Supremo Tribunal Federal (STF) gerou resist\u00eancia imediata da oposi\u00e7\u00e3o por refor\u00e7ar o perfil de milit\u00e2ncia de esquerda que j\u00e1 marca outras indica\u00e7\u00f5es de Lula (PT). O advogado-geral da Uni\u00e3o \u00e9 visto por esses pol\u00edticos como operador jur\u00eddico do PT desde os governos Dilma Rousseff, que o chamava de \u201cBessias\u201d, e a defesa [&hellip;]<\/p>\n","protected":false},"author":3,"featured_media":21079,"comment_status":"closed","ping_status":"closed","sticky":false,"template":"","format":"standard","meta":{"_links_to":"","_links_to_target":""},"categories":[1],"tags":[],"_links":{"self":[{"href":"https:\/\/www.correiodascidades.com.br\/v1\/wp-json\/wp\/v2\/posts\/21078"}],"collection":[{"href":"https:\/\/www.correiodascidades.com.br\/v1\/wp-json\/wp\/v2\/posts"}],"about":[{"href":"https:\/\/www.correiodascidades.com.br\/v1\/wp-json\/wp\/v2\/types\/post"}],"author":[{"embeddable":true,"href":"https:\/\/www.correiodascidades.com.br\/v1\/wp-json\/wp\/v2\/users\/3"}],"replies":[{"embeddable":true,"href":"https:\/\/www.correiodascidades.com.br\/v1\/wp-json\/wp\/v2\/comments?post=21078"}],"version-history":[{"count":1,"href":"https:\/\/www.correiodascidades.com.br\/v1\/wp-json\/wp\/v2\/posts\/21078\/revisions"}],"predecessor-version":[{"id":21080,"href":"https:\/\/www.correiodascidades.com.br\/v1\/wp-json\/wp\/v2\/posts\/21078\/revisions\/21080"}],"wp:featuredmedia":[{"embeddable":true,"href":"https:\/\/www.correiodascidades.com.br\/v1\/wp-json\/wp\/v2\/media\/21079"}],"wp:attachment":[{"href":"https:\/\/www.correiodascidades.com.br\/v1\/wp-json\/wp\/v2\/media?parent=21078"}],"wp:term":[{"taxonomy":"category","embeddable":true,"href":"https:\/\/www.correiodascidades.com.br\/v1\/wp-json\/wp\/v2\/categories?post=21078"},{"taxonomy":"post_tag","embeddable":true,"href":"https:\/\/www.correiodascidades.com.br\/v1\/wp-json\/wp\/v2\/tags?post=21078"}],"curies":[{"name":"wp","href":"https:\/\/api.w.org\/{rel}","templated":true}]}}