{"id":21081,"date":"2026-04-06T04:02:58","date_gmt":"2026-04-06T07:02:58","guid":{"rendered":"https:\/\/www.correiodascidades.com.br\/v1\/?p=21081"},"modified":"2026-04-06T04:02:58","modified_gmt":"2026-04-06T07:02:58","slug":"tcm-da-curso-a-controladores-internos-sobre-o-pntp-2026","status":"publish","type":"post","link":"https:\/\/www.correiodascidades.com.br\/v1\/2026\/04\/06\/tcm-da-curso-a-controladores-internos-sobre-o-pntp-2026\/","title":{"rendered":"TCM d\u00e1 curso a controladores internos sobre o PNTP 2026"},"content":{"rendered":"<p align=\"justify\"><img src=\"https:\/\/www.correiodascidades.com.br\/v1\/wp-content\/uploads\/2026\/04\/treinamentopntp2026-1-545x363-1.jpg\" \/><\/p>\n<p class=\"western\" align=\"justify\">O Tribunal de Contas dos Munic\u00edpios da Bahia (TCM-BA) promover\u00e1 na pr\u00f3xima segunda-feira (06\/04), das 14h \u00e0s 17h, o curso de treinamento dos controladores internos dos munic\u00edpios baianos, com o objetivo de prepar\u00e1-los para o ciclo de avalia\u00e7\u00e3o de 2026 do Programa Nacional de Transpar\u00eancia P\u00fablica (PNTP). O evento ser\u00e1 conduzido pelo auditor de controle externo, Alexandre Bezerra, e ser\u00e1 transmitido por meio do canal do tribunal no Youtube. <!--more--><\/p>\n<p class=\"western\" align=\"justify\">A iniciativa integra a participa\u00e7\u00e3o institucional do TCM-BA no programa criado pela Associa\u00e7\u00e3o dos Membros dos Tribunais de Contas do Brasil (Atricon) e busca fortalecer a atua\u00e7\u00e3o dos munic\u00edpios baianos no cumprimento dos crit\u00e9rios de transpar\u00eancia p\u00fablica. Durante o treinamento ser\u00e3o apresentados os par\u00e2metros de avalia\u00e7\u00e3o do ciclo 2026, al\u00e9m das altera\u00e7\u00f5es metodol\u00f3gicas, atualiza\u00e7\u00f5es na cartilha orientativa e boas pr\u00e1ticas que contribuem para o aprimoramento da gest\u00e3o e atendimento dos crit\u00e9rios de transpar\u00eancia que s\u00e3o exigidos.<\/p>\n<p class=\"western\" align=\"justify\">O evento tamb\u00e9m tem como finalidade orientar os participantes quanto ao correto preenchimento da ferramenta de avalia\u00e7\u00e3o do PNTP, etapa fundamental para assegurar a qualidade das informa\u00e7\u00f5es prestadas e verifica\u00e7\u00e3o do adequado desempenho dos portais de transpar\u00eancia municipais.<\/p>\n","protected":false},"excerpt":{"rendered":"<p>O Tribunal de Contas dos Munic\u00edpios da Bahia (TCM-BA) promover\u00e1 na pr\u00f3xima segunda-feira (06\/04), das 14h \u00e0s 17h, o curso de treinamento dos controladores internos dos munic\u00edpios baianos, com o objetivo de prepar\u00e1-los para o ciclo de avalia\u00e7\u00e3o de 2026 do Programa Nacional de Transpar\u00eancia P\u00fablica (PNTP). O evento ser\u00e1 conduzido pelo auditor de controle [&hellip;]<\/p>\n","protected":false},"author":3,"featured_media":21082,"comment_status":"closed","ping_status":"closed","sticky":false,"template":"","format":"standard","meta":{"_links_to":"","_links_to_target":""},"categories":[1],"tags":[],"_links":{"self":[{"href":"https:\/\/www.correiodascidades.com.br\/v1\/wp-json\/wp\/v2\/posts\/21081"}],"collection":[{"href":"https:\/\/www.correiodascidades.com.br\/v1\/wp-json\/wp\/v2\/posts"}],"about":[{"href":"https:\/\/www.correiodascidades.com.br\/v1\/wp-json\/wp\/v2\/types\/post"}],"author":[{"embeddable":true,"href":"https:\/\/www.correiodascidades.com.br\/v1\/wp-json\/wp\/v2\/users\/3"}],"replies":[{"embeddable":true,"href":"https:\/\/www.correiodascidades.com.br\/v1\/wp-json\/wp\/v2\/comments?post=21081"}],"version-history":[{"count":1,"href":"https:\/\/www.correiodascidades.com.br\/v1\/wp-json\/wp\/v2\/posts\/21081\/revisions"}],"predecessor-version":[{"id":21083,"href":"https:\/\/www.correiodascidades.com.br\/v1\/wp-json\/wp\/v2\/posts\/21081\/revisions\/21083"}],"wp:featuredmedia":[{"embeddable":true,"href":"https:\/\/www.correiodascidades.com.br\/v1\/wp-json\/wp\/v2\/media\/21082"}],"wp:attachment":[{"href":"https:\/\/www.correiodascidades.com.br\/v1\/wp-json\/wp\/v2\/media?parent=21081"}],"wp:term":[{"taxonomy":"category","embeddable":true,"href":"https:\/\/www.correiodascidades.com.br\/v1\/wp-json\/wp\/v2\/categories?post=21081"},{"taxonomy":"post_tag","embeddable":true,"href":"https:\/\/www.correiodascidades.com.br\/v1\/wp-json\/wp\/v2\/tags?post=21081"}],"curies":[{"name":"wp","href":"https:\/\/api.w.org\/{rel}","templated":true}]}}