{"id":21085,"date":"2026-04-06T16:02:02","date_gmt":"2026-04-06T19:02:02","guid":{"rendered":"https:\/\/www.correiodascidades.com.br\/v1\/?p=21085"},"modified":"2026-04-06T16:06:59","modified_gmt":"2026-04-06T19:06:59","slug":"uma-segunda-feira-de-terror-para-o-povo-de-itambe-bahia","status":"publish","type":"post","link":"https:\/\/www.correiodascidades.com.br\/v1\/2026\/04\/06\/uma-segunda-feira-de-terror-para-o-povo-de-itambe-bahia\/","title":{"rendered":"Uma segunda feira de terror para o povo de Itamb\u00e9 Bahia"},"content":{"rendered":"<p><img src=\"https:\/\/www.correiodascidades.com.br\/v1\/wp-content\/uploads\/2026\/04\/foto-no-tamanho-home-2026-04-06t115124.499-_1_.jpeg\" \/><\/p>\n<p>Uma manh\u00e3 que ficar\u00e1 para sempre na mente dos moradores da pequena Itamb\u00e9 cidade que possui uma popula\u00e7\u00e3o de uma m\u00e9dia de vinte mil e oitenta e oito (<strong>25.088) habitantes<\/strong>, segundo dados da prefeitura do \u00faltimo censo.<\/p>\n<p>A cidade est\u00e1 localizada na regi\u00e3o Sudoeste da Bahia, pr\u00f3xima a Vit\u00f3ria da Conquista.<\/p>\n<p>Foi l\u00e1 onde na manh\u00e3 desta segunda-feira, uma grande trag\u00e9dia aconteceu tirando a vida de duas mulheres, vitimando outras pessoas, e causando um p\u00e2nico muito grande no povo que estavam no ponto de apoio local utilizado como uma esp\u00e9cie de &#8220;rodovi\u00e1ria&#8221;, uma parada obrigat\u00f3ria. <!--more--><\/p>\n<p>Um \u00f4nibus da Empresa Rota transportes invadiu o local e acabou destru\u00eddo tudo como se fosse um trem desgovernado.<\/p>\n<p>O ve\u00edculo envolvido, ano 2025 \/ Volvo Paradiso que, operava a linha Vit\u00f3ria da Conquista (BA) x Itabuna (BA), com sa\u00edda prevista \u00e0s 5h, seguindo em dire\u00e7\u00e3o a Itabuna.<\/p>\n<p>As pessoas que foram atingidas com maior gravidade morreram no local. Foram elas; <strong>Daniele Jeniffer Ramos Santana<\/strong>, de 20 anos, e\u00a0<strong>Janete Silva Oliveira<\/strong>, de 51.<\/p>\n<p>Outras duas pessoas est\u00e3o internadas em estado grave e de acordo com informa\u00e7\u00f5es os dois seriam irm\u00e3os.<\/p>\n<p>A empresa disse em nota que est\u00e1 prestando toda uma assist\u00eancia a fam\u00edlia e aos envolvidos de modo em geral e que o fato ser\u00e1 investigado, a empresa disse ainda que lamenta o ocorrido.<\/p>\n<p>&nbsp;<\/p>\n<p>&nbsp;<\/p>\n<p>&nbsp;<\/p>\n","protected":false},"excerpt":{"rendered":"<p>Uma manh\u00e3 que ficar\u00e1 para sempre na mente dos moradores da pequena Itamb\u00e9 cidade que possui uma popula\u00e7\u00e3o de uma m\u00e9dia de vinte mil e oitenta e oito (25.088) habitantes, segundo dados da prefeitura do \u00faltimo censo. A cidade est\u00e1 localizada na regi\u00e3o Sudoeste da Bahia, pr\u00f3xima a Vit\u00f3ria da Conquista. Foi l\u00e1 onde na [&hellip;]<\/p>\n","protected":false},"author":3,"featured_media":21087,"comment_status":"closed","ping_status":"closed","sticky":false,"template":"","format":"standard","meta":{"_links_to":"","_links_to_target":""},"categories":[1],"tags":[],"_links":{"self":[{"href":"https:\/\/www.correiodascidades.com.br\/v1\/wp-json\/wp\/v2\/posts\/21085"}],"collection":[{"href":"https:\/\/www.correiodascidades.com.br\/v1\/wp-json\/wp\/v2\/posts"}],"about":[{"href":"https:\/\/www.correiodascidades.com.br\/v1\/wp-json\/wp\/v2\/types\/post"}],"author":[{"embeddable":true,"href":"https:\/\/www.correiodascidades.com.br\/v1\/wp-json\/wp\/v2\/users\/3"}],"replies":[{"embeddable":true,"href":"https:\/\/www.correiodascidades.com.br\/v1\/wp-json\/wp\/v2\/comments?post=21085"}],"version-history":[{"count":3,"href":"https:\/\/www.correiodascidades.com.br\/v1\/wp-json\/wp\/v2\/posts\/21085\/revisions"}],"predecessor-version":[{"id":21090,"href":"https:\/\/www.correiodascidades.com.br\/v1\/wp-json\/wp\/v2\/posts\/21085\/revisions\/21090"}],"wp:featuredmedia":[{"embeddable":true,"href":"https:\/\/www.correiodascidades.com.br\/v1\/wp-json\/wp\/v2\/media\/21087"}],"wp:attachment":[{"href":"https:\/\/www.correiodascidades.com.br\/v1\/wp-json\/wp\/v2\/media?parent=21085"}],"wp:term":[{"taxonomy":"category","embeddable":true,"href":"https:\/\/www.correiodascidades.com.br\/v1\/wp-json\/wp\/v2\/categories?post=21085"},{"taxonomy":"post_tag","embeddable":true,"href":"https:\/\/www.correiodascidades.com.br\/v1\/wp-json\/wp\/v2\/tags?post=21085"}],"curies":[{"name":"wp","href":"https:\/\/api.w.org\/{rel}","templated":true}]}}