{"id":21092,"date":"2026-04-06T18:13:37","date_gmt":"2026-04-06T21:13:37","guid":{"rendered":"https:\/\/www.correiodascidades.com.br\/v1\/?p=21092"},"modified":"2026-04-06T18:13:37","modified_gmt":"2026-04-06T21:13:37","slug":"apos-cancelamento-de-reunioes-trabalhadores-da-educacao-avancam-para-paralisacao-de-advertencia","status":"publish","type":"post","link":"https:\/\/www.correiodascidades.com.br\/v1\/2026\/04\/06\/apos-cancelamento-de-reunioes-trabalhadores-da-educacao-avancam-para-paralisacao-de-advertencia\/","title":{"rendered":"Ap\u00f3s cancelamento de reuni\u00f5es, trabalhadores da educa\u00e7\u00e3o avan\u00e7am para paralisa\u00e7\u00e3o de advert\u00eancia"},"content":{"rendered":"<p data-start=\"73\" data-end=\"308\"><img loading=\"lazy\" class=\"alignnone  wp-image-140497\" src=\"https:\/\/www.appisindicato.com.br\/site\/wp-content\/uploads\/2026\/04\/fc297970-a372-4a64-835a-c4d4f7ccea48-300x300.jpeg\" sizes=\"(max-width: 300px) 100vw, 300px\" srcset=\"https:\/\/www.appisindicato.com.br\/site\/wp-content\/uploads\/2026\/04\/fc297970-a372-4a64-835a-c4d4f7ccea48-300x300.jpeg 300w, https:\/\/www.appisindicato.com.br\/site\/wp-content\/uploads\/2026\/04\/fc297970-a372-4a64-835a-c4d4f7ccea48-150x150.jpeg 150w, https:\/\/www.appisindicato.com.br\/site\/wp-content\/uploads\/2026\/04\/fc297970-a372-4a64-835a-c4d4f7ccea48-768x768.jpeg 768w, https:\/\/www.appisindicato.com.br\/site\/wp-content\/uploads\/2026\/04\/fc297970-a372-4a64-835a-c4d4f7ccea48-180x180.jpeg 180w, https:\/\/www.appisindicato.com.br\/site\/wp-content\/uploads\/2026\/04\/fc297970-a372-4a64-835a-c4d4f7ccea48-400x400.jpeg 400w, https:\/\/www.appisindicato.com.br\/site\/wp-content\/uploads\/2026\/04\/fc297970-a372-4a64-835a-c4d4f7ccea48-600x600.jpeg 600w, https:\/\/www.appisindicato.com.br\/site\/wp-content\/uploads\/2026\/04\/fc297970-a372-4a64-835a-c4d4f7ccea48.jpeg 800w\" alt=\"\" width=\"367\" height=\"367\" \/><\/p>\n<p data-start=\"73\" data-end=\"308\">A APPI\/APLB realizou hoje (06) uma assembleia para tratar da campanha salarial da Rede Municipal. O ato foi mantido ap\u00f3s o munic\u00edpio cancelar as reuni\u00f5es anteriormente agendadas, o que evidencia o descaso no trato com a educa\u00e7\u00e3o local.\u00a0 <!--more--><\/p>\n<p data-start=\"310\" data-end=\"559\">Durante a assembleia, o espa\u00e7o foi aberto para que a categoria expressasse sua insatisfa\u00e7\u00e3o diante da falta de valoriza\u00e7\u00e3o profissional, da estrutura prec\u00e1ria das unidades escolares e da carga hor\u00e1ria excessiva imposta aos trabalhadores contratados.<\/p>\n<p data-start=\"561\" data-end=\"888\">Uma nova reuni\u00e3o est\u00e1 marcada para amanh\u00e3 (07), com realiza\u00e7\u00e3o posterior de assembleia na quinta (09), para deliberar sobre os pr\u00f3ximos passos da campanha. Caso o munic\u00edpio n\u00e3o compare\u00e7a ou n\u00e3o haja avan\u00e7o nas discuss\u00f5es, os trabalhadores em educa\u00e7\u00e3o ir\u00e3o oficializar uma paralisa\u00e7\u00e3o de advert\u00eancia na quinta-feira.<\/p>\n<p><img loading=\"lazy\" class=\"alignnone size-medium wp-image-140492\" src=\"https:\/\/www.appisindicato.com.br\/site\/wp-content\/uploads\/2026\/04\/acc3d5cd-1ae3-4e0c-a3ab-85f5e764d323-300x300.jpeg\" sizes=\"(max-width: 300px) 100vw, 300px\" srcset=\"https:\/\/www.appisindicato.com.br\/site\/wp-content\/uploads\/2026\/04\/acc3d5cd-1ae3-4e0c-a3ab-85f5e764d323-300x300.jpeg 300w, https:\/\/www.appisindicato.com.br\/site\/wp-content\/uploads\/2026\/04\/acc3d5cd-1ae3-4e0c-a3ab-85f5e764d323-150x150.jpeg 150w, https:\/\/www.appisindicato.com.br\/site\/wp-content\/uploads\/2026\/04\/acc3d5cd-1ae3-4e0c-a3ab-85f5e764d323-768x768.jpeg 768w, https:\/\/www.appisindicato.com.br\/site\/wp-content\/uploads\/2026\/04\/acc3d5cd-1ae3-4e0c-a3ab-85f5e764d323-180x180.jpeg 180w, https:\/\/www.appisindicato.com.br\/site\/wp-content\/uploads\/2026\/04\/acc3d5cd-1ae3-4e0c-a3ab-85f5e764d323-400x400.jpeg 400w, https:\/\/www.appisindicato.com.br\/site\/wp-content\/uploads\/2026\/04\/acc3d5cd-1ae3-4e0c-a3ab-85f5e764d323-600x600.jpeg 600w, https:\/\/www.appisindicato.com.br\/site\/wp-content\/uploads\/2026\/04\/acc3d5cd-1ae3-4e0c-a3ab-85f5e764d323.jpeg 800w\" alt=\"\" width=\"300\" height=\"300\" \/>\u00a0<img loading=\"lazy\" class=\"alignnone size-medium wp-image-140493\" src=\"https:\/\/www.appisindicato.com.br\/site\/wp-content\/uploads\/2026\/04\/42f9f286-7327-4262-b5df-cde70cb715f4-300x300.jpeg\" sizes=\"(max-width: 300px) 100vw, 300px\" srcset=\"https:\/\/www.appisindicato.com.br\/site\/wp-content\/uploads\/2026\/04\/42f9f286-7327-4262-b5df-cde70cb715f4-300x300.jpeg 300w, https:\/\/www.appisindicato.com.br\/site\/wp-content\/uploads\/2026\/04\/42f9f286-7327-4262-b5df-cde70cb715f4-150x150.jpeg 150w, https:\/\/www.appisindicato.com.br\/site\/wp-content\/uploads\/2026\/04\/42f9f286-7327-4262-b5df-cde70cb715f4-768x768.jpeg 768w, https:\/\/www.appisindicato.com.br\/site\/wp-content\/uploads\/2026\/04\/42f9f286-7327-4262-b5df-cde70cb715f4-180x180.jpeg 180w, https:\/\/www.appisindicato.com.br\/site\/wp-content\/uploads\/2026\/04\/42f9f286-7327-4262-b5df-cde70cb715f4-400x400.jpeg 400w, https:\/\/www.appisindicato.com.br\/site\/wp-content\/uploads\/2026\/04\/42f9f286-7327-4262-b5df-cde70cb715f4-600x600.jpeg 600w, https:\/\/www.appisindicato.com.br\/site\/wp-content\/uploads\/2026\/04\/42f9f286-7327-4262-b5df-cde70cb715f4.jpeg 800w\" alt=\"\" width=\"300\" height=\"300\" \/>\u00a0<img loading=\"lazy\" class=\"alignnone size-medium wp-image-140494\" src=\"https:\/\/www.appisindicato.com.br\/site\/wp-content\/uploads\/2026\/04\/b3bddcbd-c30d-4ef5-9c9c-013c1e8c97b9-300x300.jpeg\" sizes=\"(max-width: 300px) 100vw, 300px\" srcset=\"https:\/\/www.appisindicato.com.br\/site\/wp-content\/uploads\/2026\/04\/b3bddcbd-c30d-4ef5-9c9c-013c1e8c97b9-300x300.jpeg 300w, https:\/\/www.appisindicato.com.br\/site\/wp-content\/uploads\/2026\/04\/b3bddcbd-c30d-4ef5-9c9c-013c1e8c97b9-150x150.jpeg 150w, https:\/\/www.appisindicato.com.br\/site\/wp-content\/uploads\/2026\/04\/b3bddcbd-c30d-4ef5-9c9c-013c1e8c97b9-768x768.jpeg 768w, https:\/\/www.appisindicato.com.br\/site\/wp-content\/uploads\/2026\/04\/b3bddcbd-c30d-4ef5-9c9c-013c1e8c97b9-180x180.jpeg 180w, https:\/\/www.appisindicato.com.br\/site\/wp-content\/uploads\/2026\/04\/b3bddcbd-c30d-4ef5-9c9c-013c1e8c97b9-400x400.jpeg 400w, https:\/\/www.appisindicato.com.br\/site\/wp-content\/uploads\/2026\/04\/b3bddcbd-c30d-4ef5-9c9c-013c1e8c97b9-600x600.jpeg 600w, https:\/\/www.appisindicato.com.br\/site\/wp-content\/uploads\/2026\/04\/b3bddcbd-c30d-4ef5-9c9c-013c1e8c97b9.jpeg 800w\" alt=\"\" width=\"300\" height=\"300\" \/> \u00a0<img loading=\"lazy\" class=\"alignnone size-medium wp-image-140496\" src=\"https:\/\/www.appisindicato.com.br\/site\/wp-content\/uploads\/2026\/04\/727cf629-97b8-4141-8f65-30756ed9d71f-300x300.jpeg\" sizes=\"(max-width: 300px) 100vw, 300px\" srcset=\"https:\/\/www.appisindicato.com.br\/site\/wp-content\/uploads\/2026\/04\/727cf629-97b8-4141-8f65-30756ed9d71f-300x300.jpeg 300w, https:\/\/www.appisindicato.com.br\/site\/wp-content\/uploads\/2026\/04\/727cf629-97b8-4141-8f65-30756ed9d71f-150x150.jpeg 150w, https:\/\/www.appisindicato.com.br\/site\/wp-content\/uploads\/2026\/04\/727cf629-97b8-4141-8f65-30756ed9d71f-768x768.jpeg 768w, https:\/\/www.appisindicato.com.br\/site\/wp-content\/uploads\/2026\/04\/727cf629-97b8-4141-8f65-30756ed9d71f-180x180.jpeg 180w, https:\/\/www.appisindicato.com.br\/site\/wp-content\/uploads\/2026\/04\/727cf629-97b8-4141-8f65-30756ed9d71f-400x400.jpeg 400w, https:\/\/www.appisindicato.com.br\/site\/wp-content\/uploads\/2026\/04\/727cf629-97b8-4141-8f65-30756ed9d71f-600x600.jpeg 600w, https:\/\/www.appisindicato.com.br\/site\/wp-content\/uploads\/2026\/04\/727cf629-97b8-4141-8f65-30756ed9d71f.jpeg 800w\" alt=\"\" width=\"300\" height=\"300\" \/><\/p>\n","protected":false},"excerpt":{"rendered":"<p>A APPI\/APLB realizou hoje (06) uma assembleia para tratar da campanha salarial da Rede Municipal. O ato foi mantido ap\u00f3s o munic\u00edpio cancelar as reuni\u00f5es anteriormente agendadas, o que evidencia o descaso no trato com a educa\u00e7\u00e3o local.\u00a0<\/p>\n","protected":false},"author":3,"featured_media":21093,"comment_status":"closed","ping_status":"closed","sticky":false,"template":"","format":"standard","meta":{"_links_to":"","_links_to_target":""},"categories":[1],"tags":[],"_links":{"self":[{"href":"https:\/\/www.correiodascidades.com.br\/v1\/wp-json\/wp\/v2\/posts\/21092"}],"collection":[{"href":"https:\/\/www.correiodascidades.com.br\/v1\/wp-json\/wp\/v2\/posts"}],"about":[{"href":"https:\/\/www.correiodascidades.com.br\/v1\/wp-json\/wp\/v2\/types\/post"}],"author":[{"embeddable":true,"href":"https:\/\/www.correiodascidades.com.br\/v1\/wp-json\/wp\/v2\/users\/3"}],"replies":[{"embeddable":true,"href":"https:\/\/www.correiodascidades.com.br\/v1\/wp-json\/wp\/v2\/comments?post=21092"}],"version-history":[{"count":1,"href":"https:\/\/www.correiodascidades.com.br\/v1\/wp-json\/wp\/v2\/posts\/21092\/revisions"}],"predecessor-version":[{"id":21094,"href":"https:\/\/www.correiodascidades.com.br\/v1\/wp-json\/wp\/v2\/posts\/21092\/revisions\/21094"}],"wp:featuredmedia":[{"embeddable":true,"href":"https:\/\/www.correiodascidades.com.br\/v1\/wp-json\/wp\/v2\/media\/21093"}],"wp:attachment":[{"href":"https:\/\/www.correiodascidades.com.br\/v1\/wp-json\/wp\/v2\/media?parent=21092"}],"wp:term":[{"taxonomy":"category","embeddable":true,"href":"https:\/\/www.correiodascidades.com.br\/v1\/wp-json\/wp\/v2\/categories?post=21092"},{"taxonomy":"post_tag","embeddable":true,"href":"https:\/\/www.correiodascidades.com.br\/v1\/wp-json\/wp\/v2\/tags?post=21092"}],"curies":[{"name":"wp","href":"https:\/\/api.w.org\/{rel}","templated":true}]}}