{"id":21098,"date":"2026-04-07T08:09:57","date_gmt":"2026-04-07T11:09:57","guid":{"rendered":"https:\/\/www.correiodascidades.com.br\/v1\/?p=21098"},"modified":"2026-04-07T09:54:28","modified_gmt":"2026-04-07T12:54:28","slug":"21098","status":"publish","type":"post","link":"https:\/\/www.correiodascidades.com.br\/v1\/2026\/04\/07\/21098\/","title":{"rendered":"Fala de Eduardo Bolsonaro pode lhe custar a liberdade"},"content":{"rendered":"<div class=\"article-image-slot image-slot-placeholder\" data-is-first=\"true\" data-doc-id=\"cms\/api\/amp\/image\/AA1Zsfvy\">\n<div class=\"article-image-slot\">\n<div class=\"article-image-container polished\" data-t=\"{&quot;n&quot;:&quot;OpenModal&quot;,&quot;t&quot;:13,&quot;b&quot;:8,&quot;c.i&quot;:&quot;AA20hrTc&quot;,&quot;c.l&quot;:false,&quot;c.t&quot;:13,&quot;c.v&quot;:&quot;news&quot;,&quot;c.c&quot;:&quot;newsbrazil&quot;,&quot;c.b&quot;:&quot;Areavip&quot;,&quot;c.bi&quot;:&quot;AA14PvUI&quot;,&quot;c.tv&quot;:&quot;news&quot;,&quot;c.tc&quot;:&quot;general&quot;,&quot;c.hl&quot;:&quot;Ap\u00f3s falas nos EUA, Eduardo Bolsonaro vira alvo e pode seguir destino de seu pai&quot;}\" data-test-id=\"AA1Zsfvy\">\n<p><button class=\"article-image-height-wrapper expandable article-image-height-wrapper-new\" data-customhandled=\"true\" data-t=\"{&quot;n&quot;:&quot;OpenModalButton&quot;,&quot;a&quot;:&quot;click&quot;,&quot;b&quot;:1,&quot;c.i&quot;:&quot;AA20hrTc&quot;,&quot;c.l&quot;:false,&quot;c.t&quot;:13,&quot;c.v&quot;:&quot;news&quot;,&quot;c.c&quot;:&quot;newsbrazil&quot;,&quot;c.b&quot;:&quot;Areavip&quot;,&quot;c.bi&quot;:&quot;AA14PvUI&quot;,&quot;c.tv&quot;:&quot;news&quot;,&quot;c.tc&quot;:&quot;general&quot;,&quot;c.hl&quot;:&quot;Ap\u00f3s falas nos EUA, Eduardo Bolsonaro vira alvo e pode seguir destino de seu pai&quot;}\"><img loading=\"lazy\" class=\"article-image article-image-ux-impr article-image-new expandable\" title=\"Eduardo Bolsonaro \u2013 Foto: CNN Brasil\/YouTube\" src=\"https:\/\/img-s-msn-com.akamaized.net\/tenant\/amp\/entityid\/AA1Zsfvy.img?w=768&amp;h=449&amp;m=6&amp;x=341&amp;y=153&amp;s=292&amp;d=292\" alt=\"Eduardo Bolsonaro \u2013 Foto: CNN Brasil\/YouTube\" width=\"588\" height=\"344\" \/><\/button><\/p>\n<div class=\"image-caption-container image-caption-container-ux-impr articlewc-image-caption-container\"><span class=\"image-caption\">Eduardo Bolsonaro \u2013 Foto: CNN Brasil\/YouTube<\/span><\/div>\n<\/div>\n<\/div>\n<\/div>\n<p data-t=\"{&quot;n&quot;:&quot;blueLinks&quot;,&quot;t&quot;:13,&quot;a&quot;:&quot;click&quot;,&quot;b&quot;:76}\">Nesta segunda-feira,\u00a0<strong>06,<\/strong>\u00a0o vice-l\u00edder do governo na C\u00e2mara,\u00a0<strong>Lindbergh Farias,<\/strong>\u00a0fez um pedido ao STF ap\u00f3s as falas do polic\u00edal federal\u00a0<strong>Eduardo Bolsonaro<\/strong>\u00a0sobre acionar autoridades dos Estados Unidos contra integrantes do TSE. O pedido busca a ado\u00e7\u00e3o de medidas cautelares, incluindo a pris\u00e3o preventiva.<\/p>\n<div class=\"intra-article-module\" data-t=\"{&quot;n&quot;:&quot;intraArticle&quot;,&quot;t&quot;:13}\">\n<div class=\"articlePageIntraArticleFullWidth ad-slot-placeholder left-image-intra-ad full-bleed-image-intra-ad intra-ad-rm-bg intra-ad-rm-h\" data-ad-index=\"0\">\n<div class=\"left-image-intra-ad full-bleed-image-intra-ad\">\n<div class=\"responsive-views-ad-container\">\n<div class=\"root\">\n<div class=\"content-card-container\">\n<p>O parlamentar falou durante uma entrevista que pretende recorrer a autoridades estrangeiras (como integrantes do governo norte-americano) para denunciar supostas irregularidades da Justi\u00e7a Eleitoral brasileira durante o pleito, afirmou ao Metr\u00f3poles. O pedido j\u00e1 foi mandado ao ministro do STF, Alexandre de Moraes, na a\u00e7\u00e3o penal em que Eduardo j\u00e1 \u00e9 r\u00e9u por coa\u00e7\u00e3o.<\/p>\n<\/div>\n<\/div>\n<\/div>\n<\/div>\n<\/div>\n<\/div>\n<p data-t=\"{&quot;n&quot;:&quot;blueLinks&quot;,&quot;t&quot;:13,&quot;a&quot;:&quot;click&quot;,&quot;b&quot;:76}\"><!--more--><\/p>\n<p data-t=\"{&quot;n&quot;:&quot;blueLinks&quot;,&quot;t&quot;:13,&quot;a&quot;:&quot;click&quot;,&quot;b&quot;:76}\">Lindbergh afirmou que isso n\u00e3o \u00e9 apenas liberdade de express\u00e3o, mas uma tentativa de deslegitimar as institui\u00e7\u00f5es brasileiras perante o mundo, criando um ambiente de desconfian\u00e7a que pode afetar a economia e as rela\u00e7\u00f5es diplom\u00e1ticas, o que representa risco ao processo eleitoral de 2026: \u201cO r\u00e9u n\u00e3o apenas reitera condutas j\u00e1 investigadas, como projeta sua atua\u00e7\u00e3o para o contexto das elei\u00e7\u00f5es de 2026\u201d, afirmou o vice-l\u00edder.<\/p>\n<div class=\"intra-article-module\" data-t=\"{&quot;n&quot;:&quot;intraArticle&quot;,&quot;t&quot;:13}\">\n<div class=\"articlePageIntraArticleFullWidth ad-slot-placeholder left-image-intra-ad full-bleed-image-intra-ad intra-ad-rm-bg intra-ad-rm-h\" data-ad-index=\"1\">\n<div class=\"left-image-intra-ad full-bleed-image-intra-ad\">\n<div class=\"responsive-views-ad-container\">\n<div class=\"root\">\n<div class=\"content-card-container\">\n<div class=\"card-actions-button-container\"><\/div>\n<\/div>\n<\/div>\n<div id=\"popover-feed-card-slot\" class=\"popover-slot\">Al\u00e9m da pris\u00e3o preventiva, a peti\u00e7\u00e3o pede a imposi\u00e7\u00e3o de medidas cautelares para impedir novas articula\u00e7\u00f5es internacionais e a abertura de investiga\u00e7\u00e3o complementar pela PGR (Procuradoria-Geral da Rep\u00fablica) e pela PF (Pol\u00edcia Federal).<\/div>\n<\/div>\n<\/div>\n<\/div>\n<\/div>\n<h3 class=\"article-sub-heading\">Quem \u00e9 Lindbergh:<\/h3>\n<p data-t=\"{&quot;n&quot;:&quot;blueLinks&quot;,&quot;t&quot;:13,&quot;a&quot;:&quot;click&quot;,&quot;b&quot;:76}\">Luiz Lindbergh Farias Filho \u00e9 um pol\u00edtico brasileiro, filiado ao Partido dos Trabalhadores (PT) e atualmente deputado federal pelo Rio de Janeiro. Com longa trajet\u00f3ria na esquerda, ganhou destaque como presidente da UNE (1992-1993) e foi prefeito de Nova Igua\u00e7u (RJ). J\u00e1 atuou como senador e \u00e9 conhecido por sua milit\u00e2ncia ativa.<\/p>\n","protected":false},"excerpt":{"rendered":"<p>Eduardo Bolsonaro \u2013 Foto: CNN Brasil\/YouTube Nesta segunda-feira,\u00a006,\u00a0o vice-l\u00edder do governo na C\u00e2mara,\u00a0Lindbergh Farias,\u00a0fez um pedido ao STF ap\u00f3s as falas do polic\u00edal federal\u00a0Eduardo Bolsonaro\u00a0sobre acionar autoridades dos Estados Unidos contra integrantes do TSE. O pedido busca a ado\u00e7\u00e3o de medidas cautelares, incluindo a pris\u00e3o preventiva. O parlamentar falou durante uma entrevista que pretende recorrer [&hellip;]<\/p>\n","protected":false},"author":3,"featured_media":21099,"comment_status":"closed","ping_status":"closed","sticky":false,"template":"","format":"standard","meta":{"_links_to":"","_links_to_target":""},"categories":[1],"tags":[],"_links":{"self":[{"href":"https:\/\/www.correiodascidades.com.br\/v1\/wp-json\/wp\/v2\/posts\/21098"}],"collection":[{"href":"https:\/\/www.correiodascidades.com.br\/v1\/wp-json\/wp\/v2\/posts"}],"about":[{"href":"https:\/\/www.correiodascidades.com.br\/v1\/wp-json\/wp\/v2\/types\/post"}],"author":[{"embeddable":true,"href":"https:\/\/www.correiodascidades.com.br\/v1\/wp-json\/wp\/v2\/users\/3"}],"replies":[{"embeddable":true,"href":"https:\/\/www.correiodascidades.com.br\/v1\/wp-json\/wp\/v2\/comments?post=21098"}],"version-history":[{"count":4,"href":"https:\/\/www.correiodascidades.com.br\/v1\/wp-json\/wp\/v2\/posts\/21098\/revisions"}],"predecessor-version":[{"id":21106,"href":"https:\/\/www.correiodascidades.com.br\/v1\/wp-json\/wp\/v2\/posts\/21098\/revisions\/21106"}],"wp:featuredmedia":[{"embeddable":true,"href":"https:\/\/www.correiodascidades.com.br\/v1\/wp-json\/wp\/v2\/media\/21099"}],"wp:attachment":[{"href":"https:\/\/www.correiodascidades.com.br\/v1\/wp-json\/wp\/v2\/media?parent=21098"}],"wp:term":[{"taxonomy":"category","embeddable":true,"href":"https:\/\/www.correiodascidades.com.br\/v1\/wp-json\/wp\/v2\/categories?post=21098"},{"taxonomy":"post_tag","embeddable":true,"href":"https:\/\/www.correiodascidades.com.br\/v1\/wp-json\/wp\/v2\/tags?post=21098"}],"curies":[{"name":"wp","href":"https:\/\/api.w.org\/{rel}","templated":true}]}}