{"id":21107,"date":"2026-04-07T10:01:05","date_gmt":"2026-04-07T13:01:05","guid":{"rendered":"https:\/\/www.correiodascidades.com.br\/v1\/?p=21107"},"modified":"2026-04-07T10:03:04","modified_gmt":"2026-04-07T13:03:04","slug":"neymar-nao-quer-ir-a-copa-do-mundo-diz-pentacampeao-com-a-selecao-brasileira","status":"publish","type":"post","link":"https:\/\/www.correiodascidades.com.br\/v1\/2026\/04\/07\/neymar-nao-quer-ir-a-copa-do-mundo-diz-pentacampeao-com-a-selecao-brasileira\/","title":{"rendered":"Neymar n\u00e3o quer ir \u00e0 Copa do Mundo, diz pentacampe\u00e3o com a sele\u00e7\u00e3o brasileira"},"content":{"rendered":"<p data-t=\"{&quot;n&quot;:&quot;blueLinks&quot;,&quot;t&quot;:13,&quot;a&quot;:&quot;click&quot;,&quot;b&quot;:76}\">\n<div class=\"mm_conteudo blog-multimidia foto\">\n<div class=\"article-image-slot image-slot-placeholder\" data-doc-id=\"cms\/api\/amp\/image\/AA20e9bH\">\n<div class=\"article-image-slot\">\n<div class=\"article-image-container in-div polished\" data-t=\"{&quot;n&quot;:&quot;OpenModal&quot;,&quot;t&quot;:13,&quot;b&quot;:8,&quot;c.i&quot;:&quot;AA20hYmA&quot;,&quot;c.l&quot;:false,&quot;c.t&quot;:13,&quot;c.v&quot;:&quot;sports&quot;,&quot;c.c&quot;:&quot;other&quot;,&quot;c.b&quot;:&quot;Estad\u00e3o&quot;,&quot;c.bi&quot;:&quot;BB6s5Un&quot;,&quot;c.tv&quot;:&quot;sports&quot;,&quot;c.tc&quot;:&quot;soccer&quot;,&quot;c.hl&quot;:&quot;Neymar n\u00e3o quer ir \u00e0 Copa do Mundo, diz pentacampe\u00e3o com a sele\u00e7\u00e3o brasileira&quot;}\" data-test-id=\"AA20e9bH\">\n<p><button class=\"article-image-height-wrapper expandable article-image-height-wrapper-new\" data-customhandled=\"true\" data-t=\"{&quot;n&quot;:&quot;OpenModalButton&quot;,&quot;a&quot;:&quot;click&quot;,&quot;b&quot;:1,&quot;c.i&quot;:&quot;AA20hYmA&quot;,&quot;c.l&quot;:false,&quot;c.t&quot;:13,&quot;c.v&quot;:&quot;sports&quot;,&quot;c.c&quot;:&quot;other&quot;,&quot;c.b&quot;:&quot;Estad\u00e3o&quot;,&quot;c.bi&quot;:&quot;BB6s5Un&quot;,&quot;c.tv&quot;:&quot;sports&quot;,&quot;c.tc&quot;:&quot;soccer&quot;,&quot;c.hl&quot;:&quot;Neymar n\u00e3o quer ir \u00e0 Copa do Mundo, diz pentacampe\u00e3o com a sele\u00e7\u00e3o brasileira&quot;}\"><img loading=\"lazy\" class=\"article-image article-image-ux-impr article-image-new expandable\" title=\"Luiz\u00e3o acredita que Neymar n\u00e3o quer ir \u00e0 Copa do Mundo Foto: Andre Penner\/AP\" src=\"https:\/\/img-s-msn-com.akamaized.net\/tenant\/amp\/entityid\/AA20e9bH.img?w=710&amp;h=473&amp;m=6&amp;x=283&amp;y=164&amp;s=149&amp;d=149\" alt=\"Luiz\u00e3o acredita que Neymar n\u00e3o quer ir \u00e0 Copa do Mundo Foto: Andre Penner\/AP\" width=\"600\" height=\"400\" \/><\/button><\/p>\n<p data-t=\"{&quot;n&quot;:&quot;blueLinks&quot;,&quot;t&quot;:13,&quot;a&quot;:&quot;click&quot;,&quot;b&quot;:76}\"><a title=\"https:\/\/www.estadao.com.br\/tudo-sobre\/luizao\/\" href=\"https:\/\/www.estadao.com.br\/tudo-sobre\/luizao\/\" target=\"_blank\" rel=\"noopener\" data-t=\"{&quot;n&quot;:&quot;destination&quot;,&quot;t&quot;:13,&quot;a&quot;:&quot;click&quot;,&quot;b&quot;:1,&quot;c.t&quot;:7}\"><b>Luiz\u00e3o<\/b><\/a>, pentacampe\u00e3o com a\u00a0<a title=\"https:\/\/www.estadao.com.br\/tudo-sobre\/selecao-brasileira-masculina-de-futebol\" href=\"https:\/\/www.estadao.com.br\/tudo-sobre\/selecao-brasileira-masculina-de-futebol\" target=\"_blank\" rel=\"noopener\" data-t=\"{&quot;n&quot;:&quot;destination&quot;,&quot;t&quot;:13,&quot;a&quot;:&quot;click&quot;,&quot;b&quot;:1,&quot;c.t&quot;:7}\"><b>sele\u00e7\u00e3o brasileira<\/b><\/a>\u00a0em 2002, acredita que\u00a0<a title=\"https:\/\/www.estadao.com.br\/tudo-sobre\/neymar\" href=\"https:\/\/www.estadao.com.br\/tudo-sobre\/neymar\" target=\"_blank\" rel=\"noopener\" data-t=\"{&quot;n&quot;:&quot;destination&quot;,&quot;t&quot;:13,&quot;a&quot;:&quot;click&quot;,&quot;b&quot;:1,&quot;c.t&quot;:7}\"><b>Neymar<\/b><\/a>\u00a0n\u00e3o tem se esfor\u00e7ado o suficiente para estar entre os 26 jogadores convocados para a\u00a0<a title=\"https:\/\/www.estadao.com.br\/tudo-sobre\/copa-do-mundo-2026-canada-mexico-estados-unidos-futebol\" href=\"https:\/\/www.estadao.com.br\/tudo-sobre\/copa-do-mundo-2026-canada-mexico-estados-unidos-futebol\" target=\"_blank\" rel=\"noopener\" data-t=\"{&quot;n&quot;:&quot;destination&quot;,&quot;t&quot;:13,&quot;a&quot;:&quot;click&quot;,&quot;b&quot;:1,&quot;c.t&quot;:7}\"><b>Copa do Mundo de 2026<\/b><\/a>. Para o ex-atacante, o craque do\u00a0<a title=\"https:\/\/www.estadao.com.br\/tudo-sobre\/santos-futebol-clube\" href=\"https:\/\/www.estadao.com.br\/tudo-sobre\/santos-futebol-clube\" target=\"_blank\" rel=\"noopener\" data-t=\"{&quot;n&quot;:&quot;destination&quot;,&quot;t&quot;:13,&quot;a&quot;:&quot;click&quot;,&quot;b&quot;:1,&quot;c.t&quot;:7}\"><b>Santos<\/b><\/a>\u00a0n\u00e3o tem demonstrado dedica\u00e7\u00e3o necess\u00e1ria para fazer parte da lista final do italiano\u00a0<a title=\"https:\/\/www.estadao.com.br\/tudo-sobre\/carlo-ancelotti\" href=\"https:\/\/www.estadao.com.br\/tudo-sobre\/carlo-ancelotti\" target=\"_blank\" rel=\"noopener\" data-t=\"{&quot;n&quot;:&quot;destination&quot;,&quot;t&quot;:13,&quot;a&quot;:&quot;click&quot;,&quot;b&quot;:1,&quot;c.t&quot;:7}\"><b>Carlo Ancelotti<\/b><\/a>\u00a0para o Mundial, que deve ser divulgada no dia 18 de maio.<\/p>\n<p data-t=\"{&quot;n&quot;:&quot;blueLinks&quot;,&quot;t&quot;:13,&quot;a&quot;:&quot;click&quot;,&quot;b&quot;:76}\">\u201cEu acho que o Neymar n\u00e3o quer ir para a Copa\u201d, declarou Luiz\u00e3o em um trecho de uma entrevista ao programa \u201cCampe\u00e3o do Mundo com Galv\u00e3o\u201d, do canal N Sports, que ser\u00e1 divulgada na \u00edntegra nesta ter\u00e7a-feira, 7<\/p>\n<div class=\"image-caption-container image-caption-container-ux-impr articlewc-image-caption-container\"><span class=\"image-caption\">Luiz\u00e3o acredita que Neymar n\u00e3o quer ir \u00e0 Copa do Mundo Foto: Andre Penner\/AP\u00a0<\/span><\/div>\n<\/div>\n<\/div>\n<\/div>\n<\/div>\n<p><!--more--><\/p>\n<p class=\"continue-read-break\" data-t=\"{&quot;n&quot;:&quot;blueLinks&quot;,&quot;t&quot;:13,&quot;a&quot;:&quot;click&quot;,&quot;b&quot;:76}\">Campe\u00e3o mundial pelo Corinthians e da Libertadores com Vasco e S\u00e3o Paulo, Luiz\u00e3o tamb\u00e9m comentou sobre o ambiente da sele\u00e7\u00e3o brasileira. Na vis\u00e3o dele, os atletas brasileiros s\u00e3o muito paparicados e isso atrapalha no desempenho em campo. Ele considera que Ancelotti pode dar um basta neste tipo de comportamento.<\/p>\n<p class=\"\" data-t=\"{&quot;n&quot;:&quot;blueLinks&quot;,&quot;t&quot;:13,&quot;a&quot;:&quot;click&quot;,&quot;b&quot;:76}\">\u201cAcho que esses jogadores precisam de um t\u00e9cnico forte\u201d, disse o ex-jogador.<\/p>\n<p data-t=\"{&quot;n&quot;:&quot;blueLinks&quot;,&quot;t&quot;:13,&quot;a&quot;:&quot;click&quot;,&quot;b&quot;:76}\">Outro ponto avaliado por Luiz\u00e3o no bate-papo com Galv\u00e3o Bueno foi a disciplina dos jogadores da atualidade que representam a sele\u00e7\u00e3o brasileira. Luiz\u00e3o afirmou que o empenho em representar o Brasil no passado era maior e recordou de algumas dificuldades que passou desde as sele\u00e7\u00f5es de base para vestir a amarelinha. \u201cTive que alugar um terno para ir \u00e0 sele\u00e7\u00e3o infantil\u201d, lembrou.<\/p>\n<p data-t=\"{&quot;n&quot;:&quot;blueLinks&quot;,&quot;t&quot;:13,&quot;a&quot;:&quot;click&quot;,&quot;b&quot;:76}\">Com ou sem a presen\u00e7a de Neymar, o Brasil estreia no Grupo C da Copa do Mundo no dia 13 de junho, contra o Marrocos, \u00e0s 19h (de Bras\u00edlia), no MetLife Stadium, em East Rutherford. Na sequ\u00eancia, a sele\u00e7\u00e3o brasileira encara o Haiti, \u00e0s 22h (de Bras\u00edlia), em 19 de junho, no Lincoln Financial Field, na Filad\u00e9lfia, e finaliza a fase de grupos contra a Esc\u00f3cia, no dia 24 de junho, no Hard Rock Stadium, \u00e0s 19h (de Bras\u00edlia).<\/p>\n<div class=\"intra-article-module-bottom-slot\" data-t=\"{&quot;n&quot;:&quot;intraArticle&quot;,&quot;t&quot;:13}\"><\/div>\n","protected":false},"excerpt":{"rendered":"<p>Luiz\u00e3o, pentacampe\u00e3o com a\u00a0sele\u00e7\u00e3o brasileira\u00a0em 2002, acredita que\u00a0Neymar\u00a0n\u00e3o tem se esfor\u00e7ado o suficiente para estar entre os 26 jogadores convocados para a\u00a0Copa do Mundo de 2026. Para o ex-atacante, o craque do\u00a0Santos\u00a0n\u00e3o tem demonstrado dedica\u00e7\u00e3o necess\u00e1ria para fazer parte da lista final do italiano\u00a0Carlo Ancelotti\u00a0para o Mundial, que deve ser divulgada no dia 18 de [&hellip;]<\/p>\n","protected":false},"author":3,"featured_media":21108,"comment_status":"closed","ping_status":"closed","sticky":false,"template":"","format":"standard","meta":{"_links_to":"","_links_to_target":""},"categories":[1],"tags":[],"_links":{"self":[{"href":"https:\/\/www.correiodascidades.com.br\/v1\/wp-json\/wp\/v2\/posts\/21107"}],"collection":[{"href":"https:\/\/www.correiodascidades.com.br\/v1\/wp-json\/wp\/v2\/posts"}],"about":[{"href":"https:\/\/www.correiodascidades.com.br\/v1\/wp-json\/wp\/v2\/types\/post"}],"author":[{"embeddable":true,"href":"https:\/\/www.correiodascidades.com.br\/v1\/wp-json\/wp\/v2\/users\/3"}],"replies":[{"embeddable":true,"href":"https:\/\/www.correiodascidades.com.br\/v1\/wp-json\/wp\/v2\/comments?post=21107"}],"version-history":[{"count":3,"href":"https:\/\/www.correiodascidades.com.br\/v1\/wp-json\/wp\/v2\/posts\/21107\/revisions"}],"predecessor-version":[{"id":21111,"href":"https:\/\/www.correiodascidades.com.br\/v1\/wp-json\/wp\/v2\/posts\/21107\/revisions\/21111"}],"wp:featuredmedia":[{"embeddable":true,"href":"https:\/\/www.correiodascidades.com.br\/v1\/wp-json\/wp\/v2\/media\/21108"}],"wp:attachment":[{"href":"https:\/\/www.correiodascidades.com.br\/v1\/wp-json\/wp\/v2\/media?parent=21107"}],"wp:term":[{"taxonomy":"category","embeddable":true,"href":"https:\/\/www.correiodascidades.com.br\/v1\/wp-json\/wp\/v2\/categories?post=21107"},{"taxonomy":"post_tag","embeddable":true,"href":"https:\/\/www.correiodascidades.com.br\/v1\/wp-json\/wp\/v2\/tags?post=21107"}],"curies":[{"name":"wp","href":"https:\/\/api.w.org\/{rel}","templated":true}]}}