{"id":21112,"date":"2026-04-07T10:09:58","date_gmt":"2026-04-07T13:09:58","guid":{"rendered":"https:\/\/www.correiodascidades.com.br\/v1\/?p=21112"},"modified":"2026-04-07T10:10:45","modified_gmt":"2026-04-07T13:10:45","slug":"mandado-de-busca-e-apreensao-e-cumprido-em-clinica-investigada-por-danos-a-visao-de-pacientes-em-irece","status":"publish","type":"post","link":"https:\/\/www.correiodascidades.com.br\/v1\/2026\/04\/07\/mandado-de-busca-e-apreensao-e-cumprido-em-clinica-investigada-por-danos-a-visao-de-pacientes-em-irece\/","title":{"rendered":"Mandado de busca e apreens\u00e3o \u00e9 cumprido em cl\u00ednica investigada por danos \u00e0 vis\u00e3o de pacientes em Irec\u00ea"},"content":{"rendered":"<div id=\"block-bagov-base-titulodapagina\" class=\"block block-core block-page-title-block\">\n<h1><img loading=\"lazy\" class=\"\" src=\"https:\/\/www.correiodascidades.com.br\/v1\/wp-content\/uploads\/2026\/03\/523026ba-1fb9-4340-88e5-cde2b7a1db50.jpeg-1.jpg\" width=\"677\" height=\"412\" \/><\/h1>\n<h1 class=\"field--name-title\"><span style=\"font-size: 16px;\">A Pol\u00edcia Civil da Bahia cumpriu, na manh\u00e3 desta segunda-feira (6), mandado de busca e apreens\u00e3o em uma cl\u00ednica m\u00e9dica localizada no munic\u00edpio de Irec\u00ea, investigada por poss\u00edveis irregularidades em procedimentos oftalmol\u00f3gicos que teriam provocado danos \u00e0 vis\u00e3o de pacientes. O cumprimento da ordem judicial ocorreu sem intercorr\u00eancias.<\/span><\/h1>\n<\/div>\n<article class=\"node node--type-noticia node--view-mode-full\" data-history-node-id=\"24592\">\n<div class=\"node__content\">\n<div class=\"clearfix text-formatted field field--name-body field--type-text-with-summary field--label-hidden field__item\">\n<p>Durante a dilig\u00eancia, foram apreendidos prontu\u00e1rios m\u00e9dicos e diversos documentos que ir\u00e3o subsidiar a an\u00e1lise t\u00e9cnica e o avan\u00e7o das investiga\u00e7\u00f5es. O respons\u00e1vel pela cl\u00ednica esteve no local no momento da a\u00e7\u00e3o e se colocou \u00e0 disposi\u00e7\u00e3o para prestar esclarecimentos e colaborar com as apura\u00e7\u00f5es.<\/p>\n<\/div>\n<\/div>\n<\/article>\n<p><!--more--><\/p>\n<p>As investiga\u00e7\u00f5es s\u00e3o conduzidas no \u00e2mbito de inqu\u00e9rito policial instaurado na 1\u00aa Delegacia Territorial (DT\/Irec\u00ea), a partir de den\u00fancias registradas entre os dias 27 e 30 de mar\u00e7o. At\u00e9 o momento, ao menos 24 pacientes relataram perda parcial ou total da vis\u00e3o ap\u00f3s a realiza\u00e7\u00e3o de procedimentos cir\u00fargicos na unidade de sa\u00fade.<\/p>\n<p>Oitivas e dilig\u00eancias seguem em andamento para o completo esclarecimento dos fatos. A a\u00e7\u00e3o contou com o apoio do Grupo de Apoio T\u00e9cnico e T\u00e1tico \u00e0 Investiga\u00e7\u00e3o (GATTI\/Chapada).<\/p>\n","protected":false},"excerpt":{"rendered":"<p>A Pol\u00edcia Civil da Bahia cumpriu, na manh\u00e3 desta segunda-feira (6), mandado de busca e apreens\u00e3o em uma cl\u00ednica m\u00e9dica localizada no munic\u00edpio de Irec\u00ea, investigada por poss\u00edveis irregularidades em procedimentos oftalmol\u00f3gicos que teriam provocado danos \u00e0 vis\u00e3o de pacientes. O cumprimento da ordem judicial ocorreu sem intercorr\u00eancias. Durante a dilig\u00eancia, foram apreendidos prontu\u00e1rios m\u00e9dicos [&hellip;]<\/p>\n","protected":false},"author":3,"featured_media":20958,"comment_status":"closed","ping_status":"closed","sticky":false,"template":"","format":"standard","meta":{"_links_to":"","_links_to_target":""},"categories":[1],"tags":[],"_links":{"self":[{"href":"https:\/\/www.correiodascidades.com.br\/v1\/wp-json\/wp\/v2\/posts\/21112"}],"collection":[{"href":"https:\/\/www.correiodascidades.com.br\/v1\/wp-json\/wp\/v2\/posts"}],"about":[{"href":"https:\/\/www.correiodascidades.com.br\/v1\/wp-json\/wp\/v2\/types\/post"}],"author":[{"embeddable":true,"href":"https:\/\/www.correiodascidades.com.br\/v1\/wp-json\/wp\/v2\/users\/3"}],"replies":[{"embeddable":true,"href":"https:\/\/www.correiodascidades.com.br\/v1\/wp-json\/wp\/v2\/comments?post=21112"}],"version-history":[{"count":2,"href":"https:\/\/www.correiodascidades.com.br\/v1\/wp-json\/wp\/v2\/posts\/21112\/revisions"}],"predecessor-version":[{"id":21114,"href":"https:\/\/www.correiodascidades.com.br\/v1\/wp-json\/wp\/v2\/posts\/21112\/revisions\/21114"}],"wp:featuredmedia":[{"embeddable":true,"href":"https:\/\/www.correiodascidades.com.br\/v1\/wp-json\/wp\/v2\/media\/20958"}],"wp:attachment":[{"href":"https:\/\/www.correiodascidades.com.br\/v1\/wp-json\/wp\/v2\/media?parent=21112"}],"wp:term":[{"taxonomy":"category","embeddable":true,"href":"https:\/\/www.correiodascidades.com.br\/v1\/wp-json\/wp\/v2\/categories?post=21112"},{"taxonomy":"post_tag","embeddable":true,"href":"https:\/\/www.correiodascidades.com.br\/v1\/wp-json\/wp\/v2\/tags?post=21112"}],"curies":[{"name":"wp","href":"https:\/\/api.w.org\/{rel}","templated":true}]}}