{"id":21115,"date":"2026-04-07T10:19:42","date_gmt":"2026-04-07T13:19:42","guid":{"rendered":"https:\/\/www.correiodascidades.com.br\/v1\/?p=21115"},"modified":"2026-04-07T10:19:42","modified_gmt":"2026-04-07T13:19:42","slug":"repudio-ile-aiye-se-pronuncia-apos-assassinato-de-ex-candidata-a-deusa-do-ebano-e-seu-filho-em-ibirapitanga","status":"publish","type":"post","link":"https:\/\/www.correiodascidades.com.br\/v1\/2026\/04\/07\/repudio-ile-aiye-se-pronuncia-apos-assassinato-de-ex-candidata-a-deusa-do-ebano-e-seu-filho-em-ibirapitanga\/","title":{"rendered":"REP\u00daDIO: Il\u00ea Aiy\u00ea se pronuncia ap\u00f3s assassinato de ex-candidata \u00e0 Deusa do \u00c9bano e seu filho em Ibirapitanga"},"content":{"rendered":"<p><img src=\"https:\/\/www.correiodascidades.com.br\/v1\/wp-content\/uploads\/2026\/04\/image-1-negra.jpg\" \/><\/p>\n<p><a href=\"https:\/\/ubaitabaurgente.com.br\/policia\/tragedia-mae-e-filho-de-6-anos-sao-mortos-no-bairro-novo-em-ibirapitanga-suspeito-tira-a-propria-vida\/\" target=\"_blank\" rel=\"noopener\"><strong>O bloco afro Il\u00ea Aiy\u00ea se manifestou nesta segunda-feira (6) sobre o assassinato da jovem Karielle Lima Marques, de 23 anos, e de seu filho de seis anos, ocorrido no munic\u00edpio de Ibirapitanga, no Baixo Sul do estado.<\/strong><\/a><\/p>\n<p>O principal suspeito do crime, Rolemberg Santos de Pina, de 32 anos, teria cometido os homic\u00eddios ap\u00f3s n\u00e3o aceitar a rejei\u00e7\u00e3o da jovem. Ele foi encontrado morto ap\u00f3s o crime.<\/p>\n<p>Em nota oficial, o Il\u00ea Aiy\u00ea destacou que Karielle n\u00e3o era apenas uma ex-candidata ao concurso Deusa do \u00c9bano, mas tamb\u00e9m um s\u00edmbolo de representatividade. \u201cEla era s\u00edmbolo de beleza negra, pot\u00eancia, futuro e representatividade, cuja trajet\u00f3ria foi interrompida de forma irrepar\u00e1vel\u201d, diz o comunicado. <!--more--><\/p>\n<div align=\"center\"><iframe id=\"instagram-embed-0\" class=\"instagram-media instagram-media-rendered\" src=\"https:\/\/www.instagram.com\/p\/DWzI2VVkZPE\/embed\/captioned\/?cr=1&amp;v=14&amp;wp=540&amp;rd=https%3A%2F%2Fubaitabaurgente.com.br&amp;rp=%2F#%7B%22ci%22%3A0%2C%22os%22%3A5619%2C%22ls%22%3A2034.9000000357628%2C%22le%22%3A5599.199999988079%7D\" height=\"1401\" frameborder=\"0\" scrolling=\"no\" allowfullscreen=\"allowfullscreen\" data-instgrm-payload-id=\"instagram-media-payload-0\" data-gtm-yt-inspected-8=\"true\" data-mce-fragment=\"1\"><\/iframe>&nbsp;<\/p>\n<\/div>\n<p>A institui\u00e7\u00e3o tamb\u00e9m refor\u00e7ou seu posicionamento contra a viol\u00eancia de g\u00eanero, destacando o impacto do feminic\u00eddio na sociedade. \u201cReafirmamos nosso compromisso inegoci\u00e1vel com a luta contra todas as formas de viol\u00eancia, em especial o feminic\u00eddio, que atinge de maneira desproporcional mulheres negras em todo o Brasil\u201d, afirmou.<\/p>\n<p>O bloco ainda alertou que o caso n\u00e3o deve ser tratado como isolado e cobrou a\u00e7\u00f5es mais efetivas. \u201c\u00c9 urgente que a sociedade, o poder p\u00fablico e todas as institui\u00e7\u00f5es assumam seu papel no enfrentamento dessa realidade, com pol\u00edticas efetivas, prote\u00e7\u00e3o \u00e0s mulheres e responsabiliza\u00e7\u00e3o rigorosa dos agressores\u201d, completa a nota.<\/p>\n<p>Karielle participou do concurso Deusa do \u00c9bano em Salvador no ano passado e tamb\u00e9m atuava como capoeirista e trancista. Ela deixa outro filho. O caso segue sendo investigado pelas autoridades.<\/p>\n","protected":false},"excerpt":{"rendered":"<p>O bloco afro Il\u00ea Aiy\u00ea se manifestou nesta segunda-feira (6) sobre o assassinato da jovem Karielle Lima Marques, de 23 anos, e de seu filho de seis anos, ocorrido no munic\u00edpio de Ibirapitanga, no Baixo Sul do estado. O principal suspeito do crime, Rolemberg Santos de Pina, de 32 anos, teria cometido os homic\u00eddios ap\u00f3s [&hellip;]<\/p>\n","protected":false},"author":3,"featured_media":21116,"comment_status":"closed","ping_status":"closed","sticky":false,"template":"","format":"standard","meta":{"_links_to":"","_links_to_target":""},"categories":[1],"tags":[],"_links":{"self":[{"href":"https:\/\/www.correiodascidades.com.br\/v1\/wp-json\/wp\/v2\/posts\/21115"}],"collection":[{"href":"https:\/\/www.correiodascidades.com.br\/v1\/wp-json\/wp\/v2\/posts"}],"about":[{"href":"https:\/\/www.correiodascidades.com.br\/v1\/wp-json\/wp\/v2\/types\/post"}],"author":[{"embeddable":true,"href":"https:\/\/www.correiodascidades.com.br\/v1\/wp-json\/wp\/v2\/users\/3"}],"replies":[{"embeddable":true,"href":"https:\/\/www.correiodascidades.com.br\/v1\/wp-json\/wp\/v2\/comments?post=21115"}],"version-history":[{"count":1,"href":"https:\/\/www.correiodascidades.com.br\/v1\/wp-json\/wp\/v2\/posts\/21115\/revisions"}],"predecessor-version":[{"id":21117,"href":"https:\/\/www.correiodascidades.com.br\/v1\/wp-json\/wp\/v2\/posts\/21115\/revisions\/21117"}],"wp:featuredmedia":[{"embeddable":true,"href":"https:\/\/www.correiodascidades.com.br\/v1\/wp-json\/wp\/v2\/media\/21116"}],"wp:attachment":[{"href":"https:\/\/www.correiodascidades.com.br\/v1\/wp-json\/wp\/v2\/media?parent=21115"}],"wp:term":[{"taxonomy":"category","embeddable":true,"href":"https:\/\/www.correiodascidades.com.br\/v1\/wp-json\/wp\/v2\/categories?post=21115"},{"taxonomy":"post_tag","embeddable":true,"href":"https:\/\/www.correiodascidades.com.br\/v1\/wp-json\/wp\/v2\/tags?post=21115"}],"curies":[{"name":"wp","href":"https:\/\/api.w.org\/{rel}","templated":true}]}}