{"id":2112,"date":"2022-12-20T19:43:55","date_gmt":"2022-12-20T22:43:55","guid":{"rendered":"https:\/\/www.correiodascidades.com.br\/v1\/?p=2112"},"modified":"2022-12-20T19:51:19","modified_gmt":"2022-12-20T22:51:19","slug":"opiniao-transformar-a-vida-do-nosso-povo-de-forma-real","status":"publish","type":"post","link":"https:\/\/www.correiodascidades.com.br\/v1\/2022\/12\/20\/opiniao-transformar-a-vida-do-nosso-povo-de-forma-real\/","title":{"rendered":"Opini\u00e3o: Transformar a vida do nosso povo de forma real"},"content":{"rendered":"<div dir=\"auto\"><\/div>\n<div dir=\"auto\">\n<p><iframe loading=\"lazy\" title=\"MANIFESTA\u00c7\u00c3O CONTRA BOLSONARO EM PORTO SEGURO SOBRE O COMANDO DO CACIQUE ZECA PATAX\u00d3\" width=\"500\" height=\"281\" src=\"https:\/\/www.youtube.com\/embed\/E3NQfmCnIiw?feature=oembed\" frameborder=\"0\" allow=\"accelerometer; autoplay; clipboard-write; encrypted-media; gyroscope; picture-in-picture\" allowfullscreen><\/iframe><\/p>\n<\/div>\n<h4 dir=\"auto\"><strong>\u00a0&#8220;expressamos a nossa solidariedade e apoio ao presidente Lula e ao seu governo&#8221;<\/strong><\/h4>\n<div dir=\"auto\">\u00c9 importante citar para o nosso Governo Lula e demais componentes do nosso presidente que n\u00f3s o povo Patax\u00f3 sempre fomos resistentes a tudo aquilo que se diz contr\u00e1rio aos nossos direitos e interesses.<\/div>\n<div dir=\"auto\">Fato esse que demonstramos aqui em Porto Seguro no dia 22 de Abril de 2022 quando o genocida Jair Bolsonaro apoiado pelo prefeito J\u00e2nio Natal, quiseram fazer festa do descobrimento sendo que esse presidente sempre foi contr\u00e1rio aos povos origin\u00e1rios.<\/div>\n<p><!--more--><\/p>\n<div dir=\"auto\">Demonstramos na pr\u00e1tica que a nossa resist\u00eancia expulsou o Bolsonaro da nossa regi\u00e3o, n\u00e3o permitindo que o mesmo fizesse essa aberra\u00e7\u00e3o mais uma vez conosco.<\/div>\n<div dir=\"auto\"><\/div>\n<div dir=\"auto\">Diante disso, expressamos a nossa solidariedade e apoio ao presidente Lula e ao seu governo, onde possamos tamb\u00e9m ajudar a construir com a participa\u00e7\u00e3o efetiva dos nossos representantes ind\u00edgenas nas \u00e1reas importantes dos \u00f3rg\u00e3os p\u00fablicos, autarquias, funda\u00e7\u00f5es e outras institui\u00e7\u00f5es de governo, para que possamos transformar a vida do nosso povo de forma real.<\/div>\n<div dir=\"auto\"><\/div>\n<div dir=\"auto\"><strong>Cacique Zeca Patax\u00f3, \u00e9 lideran\u00e7a ind\u00edgena no extremo sul da Bahia.<\/strong><\/div>\n","protected":false},"excerpt":{"rendered":"<p>\u00a0&#8220;expressamos a nossa solidariedade e apoio ao presidente Lula e ao seu governo&#8221; \u00c9 importante citar para o nosso Governo Lula e demais componentes do nosso presidente que n\u00f3s o povo Patax\u00f3 sempre fomos resistentes a tudo aquilo que se diz contr\u00e1rio aos nossos direitos e interesses. Fato esse que demonstramos aqui em Porto Seguro [&hellip;]<\/p>\n","protected":false},"author":3,"featured_media":2113,"comment_status":"closed","ping_status":"closed","sticky":false,"template":"","format":"standard","meta":{"_links_to":"","_links_to_target":""},"categories":[41],"tags":[],"_links":{"self":[{"href":"https:\/\/www.correiodascidades.com.br\/v1\/wp-json\/wp\/v2\/posts\/2112"}],"collection":[{"href":"https:\/\/www.correiodascidades.com.br\/v1\/wp-json\/wp\/v2\/posts"}],"about":[{"href":"https:\/\/www.correiodascidades.com.br\/v1\/wp-json\/wp\/v2\/types\/post"}],"author":[{"embeddable":true,"href":"https:\/\/www.correiodascidades.com.br\/v1\/wp-json\/wp\/v2\/users\/3"}],"replies":[{"embeddable":true,"href":"https:\/\/www.correiodascidades.com.br\/v1\/wp-json\/wp\/v2\/comments?post=2112"}],"version-history":[{"count":6,"href":"https:\/\/www.correiodascidades.com.br\/v1\/wp-json\/wp\/v2\/posts\/2112\/revisions"}],"predecessor-version":[{"id":2121,"href":"https:\/\/www.correiodascidades.com.br\/v1\/wp-json\/wp\/v2\/posts\/2112\/revisions\/2121"}],"wp:featuredmedia":[{"embeddable":true,"href":"https:\/\/www.correiodascidades.com.br\/v1\/wp-json\/wp\/v2\/media\/2113"}],"wp:attachment":[{"href":"https:\/\/www.correiodascidades.com.br\/v1\/wp-json\/wp\/v2\/media?parent=2112"}],"wp:term":[{"taxonomy":"category","embeddable":true,"href":"https:\/\/www.correiodascidades.com.br\/v1\/wp-json\/wp\/v2\/categories?post=2112"},{"taxonomy":"post_tag","embeddable":true,"href":"https:\/\/www.correiodascidades.com.br\/v1\/wp-json\/wp\/v2\/tags?post=2112"}],"curies":[{"name":"wp","href":"https:\/\/api.w.org\/{rel}","templated":true}]}}