{"id":21498,"date":"2026-04-26T01:17:42","date_gmt":"2026-04-26T04:17:42","guid":{"rendered":"https:\/\/www.correiodascidades.com.br\/v1\/?p=21498"},"modified":"2026-04-26T01:17:42","modified_gmt":"2026-04-26T04:17:42","slug":"autor-de-homicidio-contra-mulher-trans-e-preso-no-piaui","status":"publish","type":"post","link":"https:\/\/www.correiodascidades.com.br\/v1\/2026\/04\/26\/autor-de-homicidio-contra-mulher-trans-e-preso-no-piaui\/","title":{"rendered":"Autor de homic\u00eddio contra mulher trans \u00e9 preso no Piau\u00ed"},"content":{"rendered":"<div id=\"block-bagov-base-titulodapagina\" class=\"block block-core block-page-title-block\">\n<h5><img loading=\"lazy\" class=\"\" src=\"https:\/\/www.correiodascidades.com.br\/v1\/wp-content\/uploads\/2026\/04\/c69e21aa-acf4-4fba-a9d0-6117d84ca38f_0-1.jpeg\" width=\"570\" height=\"426\" \/><\/h5>\n<h5 class=\"field--name-title field--name-subtitle\">Crime aconteceu em Feira de Santana, no dia 8 de janeiro deste ano<\/h5>\n<\/div>\n<div id=\"block-bagov-base-bettersocialsharingbuttons\" class=\"block block-better-social-sharing-buttons block-social-sharing-buttons-block\">\n<div class=\"social-sharing-buttons\">Uma a\u00e7\u00e3o conjunta entra as Policias Civis da Bahia e do Piau\u00ed resultou, na tarde de sexta-feira (24), no cumprimento do mandado de pris\u00e3o preventiva contra o suspeito pelo crime de homic\u00eddio duplamente qualificado e que teve como v\u00edtima a mulher trans Jullyana Freitas Leite, morta em 8 de janeiro deste ano, no bairro Parque Getulio Vargas. O mandado foi expedido pela Vara do Tribunal do J\u00fari da Comarca de Feira de Santana.<\/div>\n<\/div>\n<p><!--more--><\/p>\n<article class=\"node node--type-noticia node--view-mode-full\" data-history-node-id=\"24814\">\n<div class=\"node__content\">\n<div class=\"clearfix text-formatted field field--name-body field--type-text-with-summary field--label-hidden field__item\">\n<p>Segundo apurado, o homem contratou um programa sexual com a v\u00edtima e como n\u00e3o tinha dinheiro deixou o pr\u00f3prio aparelho celular como garantia do pagamento. No dia do crime, ele fez contato informando que iria at\u00e9 a casa dela para quitar a divida.<\/p>\n<p>Baseado nas provas e no hist\u00f3rico criminal, a autoridade policial representou pela pris\u00e3o preventiva do acusado. Ele foi localizado por meio do trabalho de coopera\u00e7\u00e3o m\u00fatua entre as equipes de investiga\u00e7\u00e3o da Delegacia de Homic\u00eddios (DH\/Feira de Santana) e do Departamento de Homic\u00eddios de Teresina, no Piau\u00ed. O suspeito se encontra custodiado \u00e0 disposi\u00e7\u00e3o da Justi\u00e7a do Estado da Bahia.<\/p>\n<\/div>\n<\/div>\n<\/article>\n","protected":false},"excerpt":{"rendered":"<p>Crime aconteceu em Feira de Santana, no dia 8 de janeiro deste ano Uma a\u00e7\u00e3o conjunta entra as Policias Civis da Bahia e do Piau\u00ed resultou, na tarde de sexta-feira (24), no cumprimento do mandado de pris\u00e3o preventiva contra o suspeito pelo crime de homic\u00eddio duplamente qualificado e que teve como v\u00edtima a mulher trans [&hellip;]<\/p>\n","protected":false},"author":3,"featured_media":21499,"comment_status":"closed","ping_status":"closed","sticky":false,"template":"","format":"standard","meta":{"_links_to":"","_links_to_target":""},"categories":[1],"tags":[],"_links":{"self":[{"href":"https:\/\/www.correiodascidades.com.br\/v1\/wp-json\/wp\/v2\/posts\/21498"}],"collection":[{"href":"https:\/\/www.correiodascidades.com.br\/v1\/wp-json\/wp\/v2\/posts"}],"about":[{"href":"https:\/\/www.correiodascidades.com.br\/v1\/wp-json\/wp\/v2\/types\/post"}],"author":[{"embeddable":true,"href":"https:\/\/www.correiodascidades.com.br\/v1\/wp-json\/wp\/v2\/users\/3"}],"replies":[{"embeddable":true,"href":"https:\/\/www.correiodascidades.com.br\/v1\/wp-json\/wp\/v2\/comments?post=21498"}],"version-history":[{"count":1,"href":"https:\/\/www.correiodascidades.com.br\/v1\/wp-json\/wp\/v2\/posts\/21498\/revisions"}],"predecessor-version":[{"id":21500,"href":"https:\/\/www.correiodascidades.com.br\/v1\/wp-json\/wp\/v2\/posts\/21498\/revisions\/21500"}],"wp:featuredmedia":[{"embeddable":true,"href":"https:\/\/www.correiodascidades.com.br\/v1\/wp-json\/wp\/v2\/media\/21499"}],"wp:attachment":[{"href":"https:\/\/www.correiodascidades.com.br\/v1\/wp-json\/wp\/v2\/media?parent=21498"}],"wp:term":[{"taxonomy":"category","embeddable":true,"href":"https:\/\/www.correiodascidades.com.br\/v1\/wp-json\/wp\/v2\/categories?post=21498"},{"taxonomy":"post_tag","embeddable":true,"href":"https:\/\/www.correiodascidades.com.br\/v1\/wp-json\/wp\/v2\/tags?post=21498"}],"curies":[{"name":"wp","href":"https:\/\/api.w.org\/{rel}","templated":true}]}}