{"id":21501,"date":"2026-04-26T01:21:29","date_gmt":"2026-04-26T04:21:29","guid":{"rendered":"https:\/\/www.correiodascidades.com.br\/v1\/?p=21501"},"modified":"2026-04-26T01:21:29","modified_gmt":"2026-04-26T04:21:29","slug":"mandado-de-prisao-por-homicidio-e-cumprido-contra-comerciante-em-itacare","status":"publish","type":"post","link":"https:\/\/www.correiodascidades.com.br\/v1\/2026\/04\/26\/mandado-de-prisao-por-homicidio-e-cumprido-contra-comerciante-em-itacare\/","title":{"rendered":"Mandado de pris\u00e3o por homic\u00eddio \u00e9 cumprido contra comerciante em Itacar\u00e9"},"content":{"rendered":"<p><img loading=\"lazy\" class=\"alignnone  wp-image-21503\" src=\"https:\/\/www.correiodascidades.com.br\/v1\/wp-content\/uploads\/2026\/04\/WhatsApp-Image-2026-04-24-at-18.56.03_0-1.jpeg\" alt=\"\" width=\"483\" height=\"356\" \/><\/p>\n<p>Um comerciante, de 39 anos, investigado pelo homic\u00eddio de Vin\u00edcius Oliveira Lemos, teve o mandado de pris\u00e3o preventiva cumprido nesta sexta-feira (24), no centro de Itacar\u00e9. De acordo com as investiga\u00e7\u00f5es, a v\u00edtima, que trabalhava como barman em um estabelecimento comercial da cidade, foi vista pela \u00faltima vez na noite de 5 de mar\u00e7o de 2026, ainda no local de trabalho.<!--more--><\/p>\n<p>As dilig\u00eancias reuniram elementos que indicam que o investigado, propriet\u00e1rio do estabelecimento, teria agredido a v\u00edtima ap\u00f3s o encerramento do expediente, havendo ind\u00edcios de posterior oculta\u00e7\u00e3o do cad\u00e1ver.<br \/>\nDurante a apura\u00e7\u00e3o, foram identificados vest\u00edgios de sangue no local dos fatos e em um ve\u00edculo utilizado pelo suspeito, al\u00e9m de registros de movimenta\u00e7\u00f5es consideradas suspeitas durante a madrugada seguinte ao desaparecimento. Ap\u00f3s o ocorrido, o investigado deixou o munic\u00edpio, permanecendo em local incerto at\u00e9 o cumprimento da ordem judicial.<\/p>\n<p>O mandado foi cumprido por equipes da Delegacia Territorial de Itacar\u00e9. O inqu\u00e9rito policial foi conclu\u00eddo e encaminhado ao Poder Judici\u00e1rio, com o indiciamento do investigado e a representa\u00e7\u00e3o pela pris\u00e3o preventiva, posteriormente deferida. As investiga\u00e7\u00f5es seguem em andamento, com o objetivo de esclarecer completamente o caso, localizar o corpo da v\u00edtima e apurar eventual participa\u00e7\u00e3o de outras pessoas no crime.<\/p>\n","protected":false},"excerpt":{"rendered":"<p>Um comerciante, de 39 anos, investigado pelo homic\u00eddio de Vin\u00edcius Oliveira Lemos, teve o mandado de pris\u00e3o preventiva cumprido nesta sexta-feira (24), no centro de Itacar\u00e9. De acordo com as investiga\u00e7\u00f5es, a v\u00edtima, que trabalhava como barman em um estabelecimento comercial da cidade, foi vista pela \u00faltima vez na noite de 5 de mar\u00e7o de [&hellip;]<\/p>\n","protected":false},"author":3,"featured_media":21502,"comment_status":"closed","ping_status":"closed","sticky":false,"template":"","format":"standard","meta":{"_links_to":"","_links_to_target":""},"categories":[1],"tags":[],"_links":{"self":[{"href":"https:\/\/www.correiodascidades.com.br\/v1\/wp-json\/wp\/v2\/posts\/21501"}],"collection":[{"href":"https:\/\/www.correiodascidades.com.br\/v1\/wp-json\/wp\/v2\/posts"}],"about":[{"href":"https:\/\/www.correiodascidades.com.br\/v1\/wp-json\/wp\/v2\/types\/post"}],"author":[{"embeddable":true,"href":"https:\/\/www.correiodascidades.com.br\/v1\/wp-json\/wp\/v2\/users\/3"}],"replies":[{"embeddable":true,"href":"https:\/\/www.correiodascidades.com.br\/v1\/wp-json\/wp\/v2\/comments?post=21501"}],"version-history":[{"count":1,"href":"https:\/\/www.correiodascidades.com.br\/v1\/wp-json\/wp\/v2\/posts\/21501\/revisions"}],"predecessor-version":[{"id":21504,"href":"https:\/\/www.correiodascidades.com.br\/v1\/wp-json\/wp\/v2\/posts\/21501\/revisions\/21504"}],"wp:featuredmedia":[{"embeddable":true,"href":"https:\/\/www.correiodascidades.com.br\/v1\/wp-json\/wp\/v2\/media\/21502"}],"wp:attachment":[{"href":"https:\/\/www.correiodascidades.com.br\/v1\/wp-json\/wp\/v2\/media?parent=21501"}],"wp:term":[{"taxonomy":"category","embeddable":true,"href":"https:\/\/www.correiodascidades.com.br\/v1\/wp-json\/wp\/v2\/categories?post=21501"},{"taxonomy":"post_tag","embeddable":true,"href":"https:\/\/www.correiodascidades.com.br\/v1\/wp-json\/wp\/v2\/tags?post=21501"}],"curies":[{"name":"wp","href":"https:\/\/api.w.org\/{rel}","templated":true}]}}