{"id":21505,"date":"2026-04-26T01:35:10","date_gmt":"2026-04-26T04:35:10","guid":{"rendered":"https:\/\/www.correiodascidades.com.br\/v1\/?p=21505"},"modified":"2026-04-26T01:35:10","modified_gmt":"2026-04-26T04:35:10","slug":"sintrasul-realizara-o-passeio-ciclistico-em-homenagem-ao-dia-do-trabalhador","status":"publish","type":"post","link":"https:\/\/www.correiodascidades.com.br\/v1\/2026\/04\/26\/sintrasul-realizara-o-passeio-ciclistico-em-homenagem-ao-dia-do-trabalhador\/","title":{"rendered":"Sintrasul realizar\u00e1 o Passeio Cicl\u00edstico em homenagem ao Dia do Trabalhador"},"content":{"rendered":"<header class=\"entry-header\">\n<div class=\"entry-meta\"><\/div>\n<\/header>\n<div class=\"entry-content\">\n<p><img loading=\"lazy\" class=\"aligncenter  wp-image-111269\" src=\"https:\/\/fabiorobertonoticias.com.br\/wp-content\/uploads\/2026\/04\/IMG-20260425-WA0249.jpg\" sizes=\"auto, (max-width: 1000px) 100vw, 1000px\" srcset=\"https:\/\/fabiorobertonoticias.com.br\/wp-content\/uploads\/2026\/04\/IMG-20260425-WA0249.jpg 1000w, https:\/\/fabiorobertonoticias.com.br\/wp-content\/uploads\/2026\/04\/IMG-20260425-WA0249-300x188.jpg 300w, https:\/\/fabiorobertonoticias.com.br\/wp-content\/uploads\/2026\/04\/IMG-20260425-WA0249-768x480.jpg 768w\" alt=\"\" width=\"661\" height=\"413\" \/><\/p>\n<p>O Sindicato dos Trabalhadores na Movimenta\u00e7\u00e3o de Mercadorias em Geral do Sul e Extremo Sul da Bahia (Sintrasul) estar\u00e1 realizando na pr\u00f3xima sexta-feira, dia 1\u00b0 de maio, mais uma edi\u00e7\u00e3o do Pedal do Trabalhador, um passeio cicl\u00edstico em Ilh\u00e9us em homenagem ao dia dos trabalhadores e trabalhadoras. Evento ser\u00e1 aberto a toda a comunidade e pretende reunir sa\u00fade, lazer, sorteio de pr\u00eamios, entretenimento e uni\u00e3o entre os praticantes do ciclismo.<\/p>\n<\/div>\n<p><!--more--><\/p>\n<p>De acordo com o presidente do Sintrasul, August\u00e3o, o evento tem como principais objetivos promover o incentivo \u00e0 pr\u00e1tica de esportes, demonstrar as vantagens em adotar a bicicleta como meio de transporte, realizar uma a\u00e7\u00e3o de confraterniza\u00e7\u00e3o e comemorar em grande estilo o Dia do Trabalhador. \u201cNossa proposta \u00e9 fazer uma festa bonita junto, como acontece todos os anos, com todos os colaboradores do Sintrasul e a fam\u00edlia dos trabalhadores e trabalhadoras, al\u00e9m de unir os ilheenses em uma a\u00e7\u00e3o saud\u00e1vel e que promova uma grande confraterniza\u00e7\u00e3o\u201d, explicou.<\/p>\n<p>E esse ano tem novidades. Al\u00e9m do grande n\u00famero de pr\u00eamios, tamb\u00e9m ser\u00e3o feitas homenagens \u00e0s mulheres que participar\u00e3o do passeio. O percurso tamb\u00e9m ser\u00e1 ainda maior e mais bonito, saindo \u00e0s 9 horas da manh\u00e3 da Barraca de Salgados B\u00ean\u00e7\u00e3o, na avenida Litor\u00e2nea Norte, no Malhado, passando pela praia do Marciano, Barra, Avenida Esperan\u00e7a, Rodovi\u00e1ria, Princesa Isabel, Centro, Praia do Cristo, avenida Soares Lopes e encerrando na avenida Litor\u00e2nea Norte.<\/p>\n<p>E logo ap\u00f3s o passeio ser\u00e1 o momento de confraterniza\u00e7\u00e3o, com o sorteio de v\u00e1rios pr\u00eamios e apresenta\u00e7\u00f5es musicais. \u201cSer\u00e1 um dia de muita alegria, festa, anima\u00e7\u00e3o e confraterniza\u00e7\u00e3o para comemorarmos juntos o Dia do Trabalhador e da Trabalhadora ilheense, Venha e traga a sua fam\u00edlia\u201d, complementou August\u00e3o.<\/p>\n<p>Reda\u00e7\u00e3o Ed.Camargo<\/p>\n","protected":false},"excerpt":{"rendered":"<p>O Sindicato dos Trabalhadores na Movimenta\u00e7\u00e3o de Mercadorias em Geral do Sul e Extremo Sul da Bahia (Sintrasul) estar\u00e1 realizando na pr\u00f3xima sexta-feira, dia 1\u00b0 de maio, mais uma edi\u00e7\u00e3o do Pedal do Trabalhador, um passeio cicl\u00edstico em Ilh\u00e9us em homenagem ao dia dos trabalhadores e trabalhadoras. Evento ser\u00e1 aberto a toda a comunidade e [&hellip;]<\/p>\n","protected":false},"author":3,"featured_media":21506,"comment_status":"closed","ping_status":"closed","sticky":false,"template":"","format":"standard","meta":{"_links_to":"","_links_to_target":""},"categories":[1],"tags":[],"_links":{"self":[{"href":"https:\/\/www.correiodascidades.com.br\/v1\/wp-json\/wp\/v2\/posts\/21505"}],"collection":[{"href":"https:\/\/www.correiodascidades.com.br\/v1\/wp-json\/wp\/v2\/posts"}],"about":[{"href":"https:\/\/www.correiodascidades.com.br\/v1\/wp-json\/wp\/v2\/types\/post"}],"author":[{"embeddable":true,"href":"https:\/\/www.correiodascidades.com.br\/v1\/wp-json\/wp\/v2\/users\/3"}],"replies":[{"embeddable":true,"href":"https:\/\/www.correiodascidades.com.br\/v1\/wp-json\/wp\/v2\/comments?post=21505"}],"version-history":[{"count":1,"href":"https:\/\/www.correiodascidades.com.br\/v1\/wp-json\/wp\/v2\/posts\/21505\/revisions"}],"predecessor-version":[{"id":21507,"href":"https:\/\/www.correiodascidades.com.br\/v1\/wp-json\/wp\/v2\/posts\/21505\/revisions\/21507"}],"wp:featuredmedia":[{"embeddable":true,"href":"https:\/\/www.correiodascidades.com.br\/v1\/wp-json\/wp\/v2\/media\/21506"}],"wp:attachment":[{"href":"https:\/\/www.correiodascidades.com.br\/v1\/wp-json\/wp\/v2\/media?parent=21505"}],"wp:term":[{"taxonomy":"category","embeddable":true,"href":"https:\/\/www.correiodascidades.com.br\/v1\/wp-json\/wp\/v2\/categories?post=21505"},{"taxonomy":"post_tag","embeddable":true,"href":"https:\/\/www.correiodascidades.com.br\/v1\/wp-json\/wp\/v2\/tags?post=21505"}],"curies":[{"name":"wp","href":"https:\/\/api.w.org\/{rel}","templated":true}]}}