{"id":21511,"date":"2026-04-26T02:41:18","date_gmt":"2026-04-26T05:41:18","guid":{"rendered":"https:\/\/www.correiodascidades.com.br\/v1\/?p=21511"},"modified":"2026-04-26T02:41:18","modified_gmt":"2026-04-26T05:41:18","slug":"ilheus-aniversario-de-magno-lavigne-reuniu-a-sociedade-e-politicos-de-modo-em-geral","status":"publish","type":"post","link":"https:\/\/www.correiodascidades.com.br\/v1\/2026\/04\/26\/ilheus-aniversario-de-magno-lavigne-reuniu-a-sociedade-e-politicos-de-modo-em-geral\/","title":{"rendered":"ILH\u00c9US: Anivers\u00e1rio de Magno Lavigne reuniu a sociedade e pol\u00edticos de modo em geral"},"content":{"rendered":"<p><img src=\"https:\/\/www.correiodascidades.com.br\/v1\/wp-content\/uploads\/2026\/04\/WhatsApp-Image-2026-04-25-at-20.15.27.jpeg\" \/><\/p>\n<p>Na tarde deste s\u00e1bado (25) o Ilheense, Advogado, Sindicalista e Secret\u00e1rio da pasta do Minist\u00e9rio do Trabalho \u2013 Magno Lavigne, comemorou mais uma passagem de ano em sua vida.<\/p>\n<p>No ato festivo de 52 anos estiveram presentes l\u00edderes de partidos, imprensa, candidatos a Deputados, ex: Vereadores, pol\u00edticos de modo em geral.<\/p>\n<p>O evento aconteceu na Pousada Costa do Cacau Zona sul da cidade e todos que l\u00e1 estiveram puderam fazer parte de um grande momento festivo.\u00a0 <!--more--><\/p>\n<p>Um palco estruturado no circuito local, fez a alegria da festa com uma banda musical, e onde tem banda tocando, tem microfone, e para n\u00e3o fugir \u00e0 regra \u2013 onde tem microfone e pol\u00edticos tem discurso.<\/p>\n<p>Para felicitar o anfitri\u00e3o algumas pessoas fizeram uso da fala parabenizando e expondo suas ideias.<\/p>\n<p>O Radialista Gil Gomes esteve presente e foi convidado a fazer uso do microfone. O mesmo parabenizou Magno, disse da felicidade em poder est\u00e1 ali ao tempo que expressou seu desejo em velo ocupando espa\u00e7o em uma cadeira da Assembleia Legislativa da Bahia.<\/p>\n<p>O aniversariante Magno, em sua vez de fala disse que apesar deste momento n\u00e3o passar de apenas pr\u00e9-candidaturas seu nome estaria posto para o bem da cidade e regi\u00e3o como um todo, pois, ele sabe das dificuldades e dos desafios que sempre estiveram postos e que se o povo decidir pelo seu nome, muito ele haver\u00e1 de fazer em troca e gratid\u00e3o a confian\u00e7a depositada por todos. Disse Magno Lavigne.<\/p>\n<p>&nbsp;<\/p>\n<p>&nbsp;<\/p>\n<p>&nbsp;<\/p>\n<p>&nbsp;<\/p>\n<p>&nbsp;<\/p>\n<p>&nbsp;<\/p>\n<p>&nbsp;<\/p>\n","protected":false},"excerpt":{"rendered":"<p>Na tarde deste s\u00e1bado (25) o Ilheense, Advogado, Sindicalista e Secret\u00e1rio da pasta do Minist\u00e9rio do Trabalho \u2013 Magno Lavigne, comemorou mais uma passagem de ano em sua vida. No ato festivo de 52 anos estiveram presentes l\u00edderes de partidos, imprensa, candidatos a Deputados, ex: Vereadores, pol\u00edticos de modo em geral. O evento aconteceu na [&hellip;]<\/p>\n","protected":false},"author":3,"featured_media":21512,"comment_status":"closed","ping_status":"closed","sticky":false,"template":"","format":"standard","meta":{"_links_to":"","_links_to_target":""},"categories":[1],"tags":[],"_links":{"self":[{"href":"https:\/\/www.correiodascidades.com.br\/v1\/wp-json\/wp\/v2\/posts\/21511"}],"collection":[{"href":"https:\/\/www.correiodascidades.com.br\/v1\/wp-json\/wp\/v2\/posts"}],"about":[{"href":"https:\/\/www.correiodascidades.com.br\/v1\/wp-json\/wp\/v2\/types\/post"}],"author":[{"embeddable":true,"href":"https:\/\/www.correiodascidades.com.br\/v1\/wp-json\/wp\/v2\/users\/3"}],"replies":[{"embeddable":true,"href":"https:\/\/www.correiodascidades.com.br\/v1\/wp-json\/wp\/v2\/comments?post=21511"}],"version-history":[{"count":1,"href":"https:\/\/www.correiodascidades.com.br\/v1\/wp-json\/wp\/v2\/posts\/21511\/revisions"}],"predecessor-version":[{"id":21513,"href":"https:\/\/www.correiodascidades.com.br\/v1\/wp-json\/wp\/v2\/posts\/21511\/revisions\/21513"}],"wp:featuredmedia":[{"embeddable":true,"href":"https:\/\/www.correiodascidades.com.br\/v1\/wp-json\/wp\/v2\/media\/21512"}],"wp:attachment":[{"href":"https:\/\/www.correiodascidades.com.br\/v1\/wp-json\/wp\/v2\/media?parent=21511"}],"wp:term":[{"taxonomy":"category","embeddable":true,"href":"https:\/\/www.correiodascidades.com.br\/v1\/wp-json\/wp\/v2\/categories?post=21511"},{"taxonomy":"post_tag","embeddable":true,"href":"https:\/\/www.correiodascidades.com.br\/v1\/wp-json\/wp\/v2\/tags?post=21511"}],"curies":[{"name":"wp","href":"https:\/\/api.w.org\/{rel}","templated":true}]}}