{"id":21514,"date":"2026-04-26T02:54:11","date_gmt":"2026-04-26T05:54:11","guid":{"rendered":"https:\/\/www.correiodascidades.com.br\/v1\/?p=21514"},"modified":"2026-04-26T02:54:11","modified_gmt":"2026-04-26T05:54:11","slug":"governo-autoriza-nomeacao-de-mil-aprovados-para-policia-federal","status":"publish","type":"post","link":"https:\/\/www.correiodascidades.com.br\/v1\/2026\/04\/26\/governo-autoriza-nomeacao-de-mil-aprovados-para-policia-federal\/","title":{"rendered":"Governo autoriza nomea\u00e7\u00e3o de mil aprovados para Pol\u00edcia Federal"},"content":{"rendered":"<p><img src=\"https:\/\/www.correiodascidades.com.br\/v1\/wp-content\/uploads\/2026\/04\/governo-autoriza-nomeacao-de-mil-aprovados-para-a-0138682400202604241042-ScaleDownProportional.jpeg\" \/><\/p>\n<p>O Governo Federal autorizou a nomea\u00e7\u00e3o de\u00a0mil novos servidores para a\u00a0<a href=\"https:\/\/atarde.com.br\/tags\/pol%C3%ADcia-federal\" target=\"_blank\" rel=\"noopener\" data-rel-defined=\"\">Pol\u00edcia Federal<\/a>,\u00a0em medida que amplia o efetivo da corpora\u00e7\u00e3o e refor\u00e7a a atua\u00e7\u00e3o no combate ao crime organizado, prote\u00e7\u00e3o de fronteiras e investiga\u00e7\u00e3o de il\u00edcitos no pa\u00eds.<\/p>\n<p>A decis\u00e3o foi oficializada por meio do Decreto n\u00ba 12.943\/2026, publicado em edi\u00e7\u00e3o extra do Di\u00e1rio Oficial da Uni\u00e3o nesta quarta-feira, 22, e assinado pelo presidente Luiz In\u00e1cio Lula da Silva. <!--more--><\/p>\n<p>A autoriza\u00e7\u00e3o contempla candidatos aprovados no concurso p\u00fablico da Pol\u00edcia Federal realizado em 2021 e permite a convoca\u00e7\u00e3o al\u00e9m do n\u00famero de vagas inicialmente previsto no edital.<\/p>\n<p>Com isso, o governo amplia o aproveitamento do certame j\u00e1 realizado, reduzindo prazos e acelerando a recomposi\u00e7\u00e3o do quadro de servidores da institui\u00e7\u00e3o.<\/p>\n<p>As nomea\u00e7\u00f5es ser\u00e3o distribu\u00eddas entre diferentes cargos da carreira policial federal, sendo\u00a0705 agentes de Pol\u00edcia Federal,\u00a0176 escriv\u00e3es,\u00a061 delegados,\u00a038 peritos criminais e\u00a020 papiloscopistas.<\/p>\n<h2>Condi\u00e7\u00f5es<\/h2>\n<p>Apesar da autoriza\u00e7\u00e3o, a\u00a0efetiva\u00e7\u00e3o das nomea\u00e7\u00f5es ainda n\u00e3o est\u00e1 garantida, e depende da exist\u00eancia de vagas e da adequa\u00e7\u00e3o or\u00e7ament\u00e1ria e financeira, conforme previsto na Lei Or\u00e7ament\u00e1ria Anual e na Lei de Diretrizes Or\u00e7ament\u00e1rias.<\/p>\n<p>A responsabilidade por verificar essas condi\u00e7\u00f5es e conduzir o processo de convoca\u00e7\u00e3o ser\u00e1 da Dire\u00e7\u00e3o-Geral da Pol\u00edcia Federal.<\/p>\n<h2>Por que a amplia\u00e7\u00e3o aconteceu?<\/h2>\n<p>Desde 2023, a gest\u00e3o tem adotado iniciativas como a realiza\u00e7\u00e3o do Concurso P\u00fablico Nacional Unificado, a reestrutura\u00e7\u00e3o de carreiras e a cria\u00e7\u00e3o de trajet\u00f3rias profissionais mais integradas, com o objetivo de tornar a\u00a0administra\u00e7\u00e3o p\u00fablica mais eficiente e flex\u00edvel.<\/p>\n<p>Dentro desse contexto, a amplia\u00e7\u00e3o do efetivo em \u00e1reas estrat\u00e9gicas, como a seguran\u00e7a p\u00fablica, \u00e9 tratada como prioridade para fortalecer a capacidade de atua\u00e7\u00e3o do Estado e melhorar a presta\u00e7\u00e3o de servi\u00e7os \u00e0 popula\u00e7\u00e3o.<\/p>\n","protected":false},"excerpt":{"rendered":"<p>O Governo Federal autorizou a nomea\u00e7\u00e3o de\u00a0mil novos servidores para a\u00a0Pol\u00edcia Federal,\u00a0em medida que amplia o efetivo da corpora\u00e7\u00e3o e refor\u00e7a a atua\u00e7\u00e3o no combate ao crime organizado, prote\u00e7\u00e3o de fronteiras e investiga\u00e7\u00e3o de il\u00edcitos no pa\u00eds. A decis\u00e3o foi oficializada por meio do Decreto n\u00ba 12.943\/2026, publicado em edi\u00e7\u00e3o extra do Di\u00e1rio Oficial da [&hellip;]<\/p>\n","protected":false},"author":3,"featured_media":21515,"comment_status":"closed","ping_status":"closed","sticky":false,"template":"","format":"standard","meta":{"_links_to":"","_links_to_target":""},"categories":[1],"tags":[],"_links":{"self":[{"href":"https:\/\/www.correiodascidades.com.br\/v1\/wp-json\/wp\/v2\/posts\/21514"}],"collection":[{"href":"https:\/\/www.correiodascidades.com.br\/v1\/wp-json\/wp\/v2\/posts"}],"about":[{"href":"https:\/\/www.correiodascidades.com.br\/v1\/wp-json\/wp\/v2\/types\/post"}],"author":[{"embeddable":true,"href":"https:\/\/www.correiodascidades.com.br\/v1\/wp-json\/wp\/v2\/users\/3"}],"replies":[{"embeddable":true,"href":"https:\/\/www.correiodascidades.com.br\/v1\/wp-json\/wp\/v2\/comments?post=21514"}],"version-history":[{"count":1,"href":"https:\/\/www.correiodascidades.com.br\/v1\/wp-json\/wp\/v2\/posts\/21514\/revisions"}],"predecessor-version":[{"id":21516,"href":"https:\/\/www.correiodascidades.com.br\/v1\/wp-json\/wp\/v2\/posts\/21514\/revisions\/21516"}],"wp:featuredmedia":[{"embeddable":true,"href":"https:\/\/www.correiodascidades.com.br\/v1\/wp-json\/wp\/v2\/media\/21515"}],"wp:attachment":[{"href":"https:\/\/www.correiodascidades.com.br\/v1\/wp-json\/wp\/v2\/media?parent=21514"}],"wp:term":[{"taxonomy":"category","embeddable":true,"href":"https:\/\/www.correiodascidades.com.br\/v1\/wp-json\/wp\/v2\/categories?post=21514"},{"taxonomy":"post_tag","embeddable":true,"href":"https:\/\/www.correiodascidades.com.br\/v1\/wp-json\/wp\/v2\/tags?post=21514"}],"curies":[{"name":"wp","href":"https:\/\/api.w.org\/{rel}","templated":true}]}}