{"id":21517,"date":"2026-04-26T02:58:24","date_gmt":"2026-04-26T05:58:24","guid":{"rendered":"https:\/\/www.correiodascidades.com.br\/v1\/?p=21517"},"modified":"2026-04-26T02:58:24","modified_gmt":"2026-04-26T05:58:24","slug":"delacao-aponta-cobrancas-de-geddel-por-suposta-propina-apos-eleicoes-de-2024","status":"publish","type":"post","link":"https:\/\/www.correiodascidades.com.br\/v1\/2026\/04\/26\/delacao-aponta-cobrancas-de-geddel-por-suposta-propina-apos-eleicoes-de-2024\/","title":{"rendered":"Dela\u00e7\u00e3o aponta cobran\u00e7as de Geddel por suposta propina ap\u00f3s elei\u00e7\u00f5es de 2024"},"content":{"rendered":"<p><img src=\"https:\/\/www.correiodascidades.com.br\/v1\/wp-content\/uploads\/2026\/04\/Delacao-aponta-cobrancas-de-Geddel-por-suposta-propina-apos-eleicoes-de-2024-_1_.jpeg\" \/><\/p>\n<p>O ex-ministro Geddel Vieira Lima (MDB) foi citado em depoimento da ex-diretora do Conjunto Penal de Eun\u00e1polis, Joneuma Silva Neres, como poss\u00edvel benefici\u00e1rio de parte da propina de R$ 2 milh\u00f5es ligada \u00e0 fuga de 16 detentos, em dezembro de 2024. Segundo a dela\u00e7\u00e3o, ele teria acertado com o ex-deputado Uldurico J\u00fanior o recebimento de R$ 1 milh\u00e3o. O Minist\u00e9rio P\u00fablico da Bahia afirmou que os elementos apresentados justificam o aprofundamento das investiga\u00e7\u00f5es.<!--more--><\/p>\n<p>De acordo com as mensagens analisadas, reveladas pelo Bahia Not\u00edcias, Geddel aparece como figura de influ\u00eancia nas conversas, sendo chamado de \u201cchefe\u201d e atuando, em alguns momentos, como orientador nas decis\u00f5es de Uldurico e Joneuma. H\u00e1 registros de que ele teria sugerido cautela \u00e0 ex-diretora ap\u00f3s seu afastamento e at\u00e9 indicado a possibilidade de apoio jur\u00eddico, enquanto ela demonstrava preocupa\u00e7\u00e3o com poss\u00edveis desdobramentos judiciais.<\/p>\n<p>Apesar das cita\u00e7\u00f5es, n\u00e3o h\u00e1, nas conversas obtidas, men\u00e7\u00f5es diretas que comprovem que Geddel tinha conhecimento de eventual liga\u00e7\u00e3o entre Uldurico e a fac\u00e7\u00e3o criminosa envolvida na fuga. Em mensagens, o ex-deputado tentou atribuir a responsabilidade a autoridades da Secretaria de Administra\u00e7\u00e3o Penitenci\u00e1ria, estrat\u00e9gia que acabou sendo repreendida<\/p>\n","protected":false},"excerpt":{"rendered":"<p>O ex-ministro Geddel Vieira Lima (MDB) foi citado em depoimento da ex-diretora do Conjunto Penal de Eun\u00e1polis, Joneuma Silva Neres, como poss\u00edvel benefici\u00e1rio de parte da propina de R$ 2 milh\u00f5es ligada \u00e0 fuga de 16 detentos, em dezembro de 2024. Segundo a dela\u00e7\u00e3o, ele teria acertado com o ex-deputado Uldurico J\u00fanior o recebimento de [&hellip;]<\/p>\n","protected":false},"author":3,"featured_media":21518,"comment_status":"closed","ping_status":"closed","sticky":false,"template":"","format":"standard","meta":{"_links_to":"","_links_to_target":""},"categories":[1],"tags":[],"_links":{"self":[{"href":"https:\/\/www.correiodascidades.com.br\/v1\/wp-json\/wp\/v2\/posts\/21517"}],"collection":[{"href":"https:\/\/www.correiodascidades.com.br\/v1\/wp-json\/wp\/v2\/posts"}],"about":[{"href":"https:\/\/www.correiodascidades.com.br\/v1\/wp-json\/wp\/v2\/types\/post"}],"author":[{"embeddable":true,"href":"https:\/\/www.correiodascidades.com.br\/v1\/wp-json\/wp\/v2\/users\/3"}],"replies":[{"embeddable":true,"href":"https:\/\/www.correiodascidades.com.br\/v1\/wp-json\/wp\/v2\/comments?post=21517"}],"version-history":[{"count":1,"href":"https:\/\/www.correiodascidades.com.br\/v1\/wp-json\/wp\/v2\/posts\/21517\/revisions"}],"predecessor-version":[{"id":21519,"href":"https:\/\/www.correiodascidades.com.br\/v1\/wp-json\/wp\/v2\/posts\/21517\/revisions\/21519"}],"wp:featuredmedia":[{"embeddable":true,"href":"https:\/\/www.correiodascidades.com.br\/v1\/wp-json\/wp\/v2\/media\/21518"}],"wp:attachment":[{"href":"https:\/\/www.correiodascidades.com.br\/v1\/wp-json\/wp\/v2\/media?parent=21517"}],"wp:term":[{"taxonomy":"category","embeddable":true,"href":"https:\/\/www.correiodascidades.com.br\/v1\/wp-json\/wp\/v2\/categories?post=21517"},{"taxonomy":"post_tag","embeddable":true,"href":"https:\/\/www.correiodascidades.com.br\/v1\/wp-json\/wp\/v2\/tags?post=21517"}],"curies":[{"name":"wp","href":"https:\/\/api.w.org\/{rel}","templated":true}]}}