{"id":21520,"date":"2026-04-26T11:23:09","date_gmt":"2026-04-26T14:23:09","guid":{"rendered":"https:\/\/www.correiodascidades.com.br\/v1\/?p=21520"},"modified":"2026-04-26T11:23:09","modified_gmt":"2026-04-26T14:23:09","slug":"falso-especialista-em-ia-adolescente-e-apreendido-no-sul-da-bahia-por-criar-perfis-fakes-de-secretario-da-ssp-e-prefeito","status":"publish","type":"post","link":"https:\/\/www.correiodascidades.com.br\/v1\/2026\/04\/26\/falso-especialista-em-ia-adolescente-e-apreendido-no-sul-da-bahia-por-criar-perfis-fakes-de-secretario-da-ssp-e-prefeito\/","title":{"rendered":"Falso &#8220;Especialista em IA&#8221;: Adolescente \u00e9 apreendido no Sul da Bahia por criar perfis fakes de Secret\u00e1rio da SSP e Prefeito"},"content":{"rendered":"<p>&nbsp;<\/p>\n<div id=\"post-body-8808883911574700210\" class=\"post-body entry-content\">\n<div class=\"separator\"><a href=\"https:\/\/blogger.googleusercontent.com\/img\/b\/R29vZ2xl\/AVvXsEjrD_uZO6aBr-FqVlviSd2lgs4pzVuUlQAPuYfSM-nDfs-5VUs88hafalRnISYPxkEAbdQEp-G8oiTR9dZKIbVX6lNDMS-up1tfUjdAXxWI6cxFgF1_UHrP6mKsU8RCK71vxIp5__YzK2GU8qzmJTqItLLNlJ97XEyQlTOHPrKCBTjQfGFxfhjPb5Ttx7M\/s763\/MARCELO-WERNER-800x445.jpg\" class=\"gallery_colorbox\"><img loading=\"lazy\" src=\"https:\/\/blogger.googleusercontent.com\/img\/b\/R29vZ2xl\/AVvXsEjrD_uZO6aBr-FqVlviSd2lgs4pzVuUlQAPuYfSM-nDfs-5VUs88hafalRnISYPxkEAbdQEp-G8oiTR9dZKIbVX6lNDMS-up1tfUjdAXxWI6cxFgF1_UHrP6mKsU8RCK71vxIp5__YzK2GU8qzmJTqItLLNlJ97XEyQlTOHPrKCBTjQfGFxfhjPb5Ttx7M\/w581-h293\/MARCELO-WERNER-800x445.jpg\"  width=\"581\" height=\"293\" border=\"0\" data-original-height=\"384\" data-original-width=\"763\" \/><\/a><\/div>\n<p>Uma opera\u00e7\u00e3o da Pol\u00edcia Civil desarticulou, nesta sexta-feira (24), um esquema de crimes cibern\u00e9ticos que utilizava a imagem de altas autoridades do estado. Um adolescente foi apreendido na cidade de Barro Preto, no sul da Bahia, acusado de criar perfis falsos para proferir ofensas e disseminar mensagens imorais na internet.<\/p>\n<p>A a\u00e7\u00e3o, denominada pela Delegacia de Repress\u00e3o a Crimes Cibern\u00e9ticos (DRCC), cumpriu tr\u00eas mandados de busca e apreens\u00e3o expedidos pela 1\u00aa Vara das Garantias de Salvador, sendo dois em Barro Preto e um em Itabuna.<\/p>\n<\/div>\n","protected":false},"excerpt":{"rendered":"<p>&nbsp; Uma opera\u00e7\u00e3o da Pol\u00edcia Civil desarticulou, nesta sexta-feira (24), um esquema de crimes cibern\u00e9ticos que utilizava a imagem de altas autoridades do estado. Um adolescente foi apreendido na cidade de Barro Preto, no sul da Bahia, acusado de criar perfis falsos para proferir ofensas e disseminar mensagens imorais na internet. A a\u00e7\u00e3o, denominada pela [&hellip;]<\/p>\n","protected":false},"author":3,"featured_media":21521,"comment_status":"closed","ping_status":"closed","sticky":false,"template":"","format":"standard","meta":{"_links_to":"","_links_to_target":""},"categories":[1],"tags":[],"_links":{"self":[{"href":"https:\/\/www.correiodascidades.com.br\/v1\/wp-json\/wp\/v2\/posts\/21520"}],"collection":[{"href":"https:\/\/www.correiodascidades.com.br\/v1\/wp-json\/wp\/v2\/posts"}],"about":[{"href":"https:\/\/www.correiodascidades.com.br\/v1\/wp-json\/wp\/v2\/types\/post"}],"author":[{"embeddable":true,"href":"https:\/\/www.correiodascidades.com.br\/v1\/wp-json\/wp\/v2\/users\/3"}],"replies":[{"embeddable":true,"href":"https:\/\/www.correiodascidades.com.br\/v1\/wp-json\/wp\/v2\/comments?post=21520"}],"version-history":[{"count":1,"href":"https:\/\/www.correiodascidades.com.br\/v1\/wp-json\/wp\/v2\/posts\/21520\/revisions"}],"predecessor-version":[{"id":21522,"href":"https:\/\/www.correiodascidades.com.br\/v1\/wp-json\/wp\/v2\/posts\/21520\/revisions\/21522"}],"wp:featuredmedia":[{"embeddable":true,"href":"https:\/\/www.correiodascidades.com.br\/v1\/wp-json\/wp\/v2\/media\/21521"}],"wp:attachment":[{"href":"https:\/\/www.correiodascidades.com.br\/v1\/wp-json\/wp\/v2\/media?parent=21520"}],"wp:term":[{"taxonomy":"category","embeddable":true,"href":"https:\/\/www.correiodascidades.com.br\/v1\/wp-json\/wp\/v2\/categories?post=21520"},{"taxonomy":"post_tag","embeddable":true,"href":"https:\/\/www.correiodascidades.com.br\/v1\/wp-json\/wp\/v2\/tags?post=21520"}],"curies":[{"name":"wp","href":"https:\/\/api.w.org\/{rel}","templated":true}]}}