{"id":21534,"date":"2026-04-27T07:06:07","date_gmt":"2026-04-27T10:06:07","guid":{"rendered":"https:\/\/www.correiodascidades.com.br\/v1\/?p=21534"},"modified":"2026-04-27T07:06:52","modified_gmt":"2026-04-27T10:06:52","slug":"21534","status":"publish","type":"post","link":"https:\/\/www.correiodascidades.com.br\/v1\/2026\/04\/27\/21534\/","title":{"rendered":"Suspeito de furtar equipamentos de inform\u00e1tica \u00e9 preso em Jequi\u00e9"},"content":{"rendered":"<div id=\"block-bagov-base-titulodapagina\" class=\"block block-core block-page-title-block\">\n<h1><img loading=\"lazy\" class=\"\" src=\"https:\/\/www.correiodascidades.com.br\/v1\/wp-content\/uploads\/2026\/04\/WhatsApp-Image-2026-04-24-at-19.50.17_0.jpeg\" width=\"473\" height=\"355\" \/><\/h1>\n<h1 class=\"field--name-title\"><span style=\"font-size: 16px;\">A Pol\u00edcia Civil da Bahia, por meio da 1\u00aa Delegacia Territorial (DT\/Jequi\u00e9) e da Delegacia de Repress\u00e3o a Furtos e Roubos (DRFR) do munic\u00edpio, unidade vinculada ao Departamento Especializado de Investiga\u00e7\u00f5es Criminais (DEIC), prendeu em flagrante um homem, de 45 anos, pela pr\u00e1tica de furto, na quinta-feira (23), em Jequi\u00e9.<\/span><\/h1>\n<\/div>\n<p><!--more--><\/p>\n<article class=\"node node--type-noticia node--view-mode-full\" data-history-node-id=\"24811\">\n<div class=\"node__content\">\n<div class=\"clearfix text-formatted field field--name-body field--type-text-with-summary field--label-hidden field__item\">\n<p>Conforme o registro da ocorr\u00eancia, na \u00faltima ter\u00e7a-feira (22), funcion\u00e1rios da sede da subse\u00e7\u00e3o de uma entidade de classe de Jequi\u00e9 constataram a aus\u00eancia de um notebook e outros equipamentos de inform\u00e1tica disponibilizados para uso comum no local. O fato foi comunicado \u00e0 pol\u00edcia, dando in\u00edcio \u00e0s investiga\u00e7\u00f5es, que levaram \u00e0 identifica\u00e7\u00e3o de um an\u00fancio dos equipamentos, possibilitando a localiza\u00e7\u00e3o do suspeito.<\/p>\n<p>De acordo com as investiga\u00e7\u00f5es, o homem se aproveitou do acesso ao local para furtar os materiais. Ele foi capturado ainda em posse dos objetos subtra\u00eddos e confessou o crime. O investigado utilizou redes sociais para tentar comercializar os equipamentos.<\/p>\n<p>Os objetos recuperados, \u00a0um notebook, um scanner, um carregador e um mouse, \u00a0foram restitu\u00eddos \u00e0 administra\u00e7\u00e3o local. Ap\u00f3s a pris\u00e3o em flagrante, a cust\u00f3dia foi convertida em pris\u00e3o preventiva, e o suspeito permanece \u00e0 disposi\u00e7\u00e3o da Justi\u00e7a.<\/p>\n<\/div>\n<\/div>\n<\/article>\n","protected":false},"excerpt":{"rendered":"<p>A Pol\u00edcia Civil da Bahia, por meio da 1\u00aa Delegacia Territorial (DT\/Jequi\u00e9) e da Delegacia de Repress\u00e3o a Furtos e Roubos (DRFR) do munic\u00edpio, unidade vinculada ao Departamento Especializado de Investiga\u00e7\u00f5es Criminais (DEIC), prendeu em flagrante um homem, de 45 anos, pela pr\u00e1tica de furto, na quinta-feira (23), em Jequi\u00e9.<\/p>\n","protected":false},"author":3,"featured_media":21536,"comment_status":"closed","ping_status":"closed","sticky":false,"template":"","format":"standard","meta":{"_links_to":"","_links_to_target":""},"categories":[1],"tags":[],"_links":{"self":[{"href":"https:\/\/www.correiodascidades.com.br\/v1\/wp-json\/wp\/v2\/posts\/21534"}],"collection":[{"href":"https:\/\/www.correiodascidades.com.br\/v1\/wp-json\/wp\/v2\/posts"}],"about":[{"href":"https:\/\/www.correiodascidades.com.br\/v1\/wp-json\/wp\/v2\/types\/post"}],"author":[{"embeddable":true,"href":"https:\/\/www.correiodascidades.com.br\/v1\/wp-json\/wp\/v2\/users\/3"}],"replies":[{"embeddable":true,"href":"https:\/\/www.correiodascidades.com.br\/v1\/wp-json\/wp\/v2\/comments?post=21534"}],"version-history":[{"count":2,"href":"https:\/\/www.correiodascidades.com.br\/v1\/wp-json\/wp\/v2\/posts\/21534\/revisions"}],"predecessor-version":[{"id":21538,"href":"https:\/\/www.correiodascidades.com.br\/v1\/wp-json\/wp\/v2\/posts\/21534\/revisions\/21538"}],"wp:featuredmedia":[{"embeddable":true,"href":"https:\/\/www.correiodascidades.com.br\/v1\/wp-json\/wp\/v2\/media\/21536"}],"wp:attachment":[{"href":"https:\/\/www.correiodascidades.com.br\/v1\/wp-json\/wp\/v2\/media?parent=21534"}],"wp:term":[{"taxonomy":"category","embeddable":true,"href":"https:\/\/www.correiodascidades.com.br\/v1\/wp-json\/wp\/v2\/categories?post=21534"},{"taxonomy":"post_tag","embeddable":true,"href":"https:\/\/www.correiodascidades.com.br\/v1\/wp-json\/wp\/v2\/tags?post=21534"}],"curies":[{"name":"wp","href":"https:\/\/api.w.org\/{rel}","templated":true}]}}