{"id":21539,"date":"2026-04-27T07:29:10","date_gmt":"2026-04-27T10:29:10","guid":{"rendered":"https:\/\/www.correiodascidades.com.br\/v1\/?p=21539"},"modified":"2026-04-27T07:29:10","modified_gmt":"2026-04-27T10:29:10","slug":"ilheus-tst-reconhece-legitimidade-do-sicomercio-nas-negociacoes-coletivas","status":"publish","type":"post","link":"https:\/\/www.correiodascidades.com.br\/v1\/2026\/04\/27\/ilheus-tst-reconhece-legitimidade-do-sicomercio-nas-negociacoes-coletivas\/","title":{"rendered":"Ilh\u00e9us: TST reconhece legitimidade do Sicom\u00e9rcio nas negocia\u00e7\u00f5es coletivas"},"content":{"rendered":"<p><img src=\"https:\/\/www.correiodascidades.com.br\/v1\/wp-content\/uploads\/2026\/04\/WhatsApp-Image-2026-04-27-at-06.35.34.jpeg\" \/><\/p>\n<p>Em decis\u00e3o un\u00e2nime, o Tribunal Superior do Trabalho (TST) confirmou que o Sindicato do Com\u00e9rcio Varejista de Ilh\u00e9us (Sicom\u00e9rcio Ilh\u00e9us) \u00e9 o \u00fanico autorizado a negociar e firmar conven\u00e7\u00f5es coletivas com os trabalhadores do setor no munic\u00edpio. Publicada no \u00faltimo dia 13, a decis\u00e3o refor\u00e7a a atua\u00e7\u00e3o hist\u00f3rica da entidade, que representa o com\u00e9rcio local e participa de negocia\u00e7\u00f5es trabalhistas desde 1989. <!--more--><\/p>\n<p>A disputa come\u00e7ou em 2024, quando o Sindicato dos Empregados no Com\u00e9rcio de Ilh\u00e9us (SECMI) assinou a Conven\u00e7\u00e3o Coletiva 2024\/2025 com o Sindicato dos Lojistas do Com\u00e9rcio do Estado da Bahia (Sindilojas-BA). O Sicom\u00e9rcio considerou o acordo irregular e levou o caso \u00e0 Justi\u00e7a, conseguindo decis\u00e3o favor\u00e1vel no Tribunal Regional do Trabalho da 5\u00aa Regi\u00e3o, na Bahia. O Sindilojas recorreu ao TST, mas a decis\u00e3o foi mantida: por unanimidade, a Corte entendeu que o sindicato estadual n\u00e3o tem legitimidade para atuar em Ilh\u00e9us, j\u00e1 que a cidade possui representa\u00e7\u00e3o pr\u00f3pria consolidada.<\/p>\n<p>Outro ponto importante destacado pelos ministros foi que os lojistas n\u00e3o formam uma categoria separada do restante do com\u00e9rcio varejista. Segundo o entendimento do tribunal, atividades como:<br \/>\natendimento ao cliente, organiza\u00e7\u00e3o de produtos e opera\u00e7\u00e3o de caixa s\u00e3o comuns a todo o setor, sem diferen\u00e7as que justifiquem uma representa\u00e7\u00e3o sindical distinta. \u201cCom isso, o TST refor\u00e7ou que os lojistas fazem parte do conjunto do com\u00e9rcio varejista, garantindo ao Sicom\u00e9rcio Ilh\u00e9us a responsabilidade exclusiva pelas negocia\u00e7\u00f5es na cidade\u201d, ressaltou o presidente do Sicom\u00e9rcio Ilh\u00e9us, Ant\u00f4nio Costa.<\/p>\n","protected":false},"excerpt":{"rendered":"<p>Em decis\u00e3o un\u00e2nime, o Tribunal Superior do Trabalho (TST) confirmou que o Sindicato do Com\u00e9rcio Varejista de Ilh\u00e9us (Sicom\u00e9rcio Ilh\u00e9us) \u00e9 o \u00fanico autorizado a negociar e firmar conven\u00e7\u00f5es coletivas com os trabalhadores do setor no munic\u00edpio. Publicada no \u00faltimo dia 13, a decis\u00e3o refor\u00e7a a atua\u00e7\u00e3o hist\u00f3rica da entidade, que representa o com\u00e9rcio local [&hellip;]<\/p>\n","protected":false},"author":3,"featured_media":21540,"comment_status":"closed","ping_status":"closed","sticky":false,"template":"","format":"standard","meta":{"_links_to":"","_links_to_target":""},"categories":[1],"tags":[],"_links":{"self":[{"href":"https:\/\/www.correiodascidades.com.br\/v1\/wp-json\/wp\/v2\/posts\/21539"}],"collection":[{"href":"https:\/\/www.correiodascidades.com.br\/v1\/wp-json\/wp\/v2\/posts"}],"about":[{"href":"https:\/\/www.correiodascidades.com.br\/v1\/wp-json\/wp\/v2\/types\/post"}],"author":[{"embeddable":true,"href":"https:\/\/www.correiodascidades.com.br\/v1\/wp-json\/wp\/v2\/users\/3"}],"replies":[{"embeddable":true,"href":"https:\/\/www.correiodascidades.com.br\/v1\/wp-json\/wp\/v2\/comments?post=21539"}],"version-history":[{"count":1,"href":"https:\/\/www.correiodascidades.com.br\/v1\/wp-json\/wp\/v2\/posts\/21539\/revisions"}],"predecessor-version":[{"id":21541,"href":"https:\/\/www.correiodascidades.com.br\/v1\/wp-json\/wp\/v2\/posts\/21539\/revisions\/21541"}],"wp:featuredmedia":[{"embeddable":true,"href":"https:\/\/www.correiodascidades.com.br\/v1\/wp-json\/wp\/v2\/media\/21540"}],"wp:attachment":[{"href":"https:\/\/www.correiodascidades.com.br\/v1\/wp-json\/wp\/v2\/media?parent=21539"}],"wp:term":[{"taxonomy":"category","embeddable":true,"href":"https:\/\/www.correiodascidades.com.br\/v1\/wp-json\/wp\/v2\/categories?post=21539"},{"taxonomy":"post_tag","embeddable":true,"href":"https:\/\/www.correiodascidades.com.br\/v1\/wp-json\/wp\/v2\/tags?post=21539"}],"curies":[{"name":"wp","href":"https:\/\/api.w.org\/{rel}","templated":true}]}}