{"id":21542,"date":"2026-04-27T07:45:01","date_gmt":"2026-04-27T10:45:01","guid":{"rendered":"https:\/\/www.correiodascidades.com.br\/v1\/?p=21542"},"modified":"2026-04-27T09:08:41","modified_gmt":"2026-04-27T12:08:41","slug":"ilheus-manifestacao-nesta-manha-fecha-uma-das-ba-da-zona-sul","status":"publish","type":"post","link":"https:\/\/www.correiodascidades.com.br\/v1\/2026\/04\/27\/ilheus-manifestacao-nesta-manha-fecha-uma-das-ba-da-zona-sul\/","title":{"rendered":"ILH\u00c9US: Manifesta\u00e7\u00e3o nesta manh\u00e3 fecha uma das BA da Zona Sul. Veja o video&#8230;."},"content":{"rendered":"<p><img loading=\"lazy\" class=\"\" src=\"https:\/\/www.correiodascidades.com.br\/v1\/wp-content\/uploads\/2026\/04\/WhatsApp-Image-2026-04-27-at-07.10.53.jpeg\" width=\"393\" height=\"424\" \/><\/p>\n<p>A cidade mal acordou e um protesto j\u00e1 toma conta das ruas de Oliven\u00e7a, nesta segunda-feira (27), o ato acontece na BA- (001) e o motivo \u00e9 pelo fato dos\u00a0 ind\u00edgenas e n\u00e3o ind\u00edgenas de Acuipe de Cima e do Meio, Olhos D\u2019Agua, Ribeir\u00e3o Branco, Miguel Farias e adjac\u00eancias, abaixo segue o video. <!--more--><\/p>\n<p><iframe loading=\"lazy\" title=\"WhatsApp Video 2026 04 27 at 07 28 47\" width=\"422\" height=\"750\" src=\"https:\/\/www.youtube.com\/embed\/Suht2R9GICc?feature=oembed\" frameborder=\"0\" allow=\"accelerometer; autoplay; clipboard-write; encrypted-media; gyroscope; picture-in-picture; web-share\" referrerpolicy=\"strict-origin-when-cross-origin\" allowfullscreen><\/iframe><\/p>\n<p>&nbsp;<\/p>\n<p>n\u00e3o aguentarem mais as promessas dos gestores respons\u00e1veis pelas estradas que foi combinado a mais de seis meses \u00a0Jos\u00e9 Vitor e o Secret\u00e1rio que iria entrar com as m\u00e1quinas para fazer as estradas com Cascalhamento n\u00e3o tratarem a coisa como de fato deve ser e com isso, os pequenos produtores, ind\u00edgenas entre outros est\u00e3o prejudicados e n\u00e3o aguentando mais eles n\u00e3o s\u00f3 reivindicam as melhorias como tamb\u00e9m pedem a sa\u00edda de Jos\u00e9 Vitor da pasta por entenderem que sua presen\u00e7a como respons\u00e1vel deste setor tem prejudicado muito a popula\u00e7\u00e3o local.<\/p>\n<p>Outro fator\u00a0 que levou ao protesto foi os mesmos ficarem sabendo que a um pedido de aumento da passagem dos \u00f4nibus, sem os mesmos serem bem atendidos. Em raz\u00e3o disso segue a manifesta\u00e7\u00e3o.<\/p>\n<p>Apesar dos esfor\u00e7os dos ind\u00edgenas como Claudio Magalh\u00e3es entre outros que buscam o debate e uma pauta melhor que n\u00e3o seja o fechamento, eles entenderam que o governo n\u00e3o dialogou em nenhuma frente com o pessoal e deixou que a situa\u00e7\u00e3o acontecesse nesse n\u00edvel. Por\u00e9m, eles entendem que o fechamento de via n\u00e3o \u00e9 o melhor caminho e sim ferramentas mais democr\u00e1ticas como o dialogo isso v\u00eam faltando a v\u00e1rios anos.<\/p>\n<p>Para o \u00cdndio Cl\u00e1udio Tupinamb\u00e1 &#8211; Ex: Vereador na cidade, uma agenda mais eficaz por parte do governo deve acontecer para esse tipo de discuss\u00e3o com resolutivas urgentes e claras, se isso n\u00e3o acontecer pouco poder\u00e1 se fazer e movimentos como estes ser\u00e3o inevit\u00e1veis pois, os povos tradicionais entre outros que moram nestas regi\u00f5es\u00a0est\u00e3o sofrendo a anos. &#8221; Meu povo n\u00e3o quer fechamento de pistas, bloqueio de ruas e sim uma comunidade que seja ouvida pelas autoridades apenas isso&#8221;. Disse Cl\u00e1udio\u00a0Tupinamb\u00e1 de Oliven\u00e7a.<\/p>\n<p>&nbsp;<\/p>\n<p>&nbsp;<\/p>\n","protected":false},"excerpt":{"rendered":"<p>A cidade mal acordou e um protesto j\u00e1 toma conta das ruas de Oliven\u00e7a, nesta segunda-feira (27), o ato acontece na BA- (001) e o motivo \u00e9 pelo fato dos\u00a0 ind\u00edgenas e n\u00e3o ind\u00edgenas de Acuipe de Cima e do Meio, Olhos D\u2019Agua, Ribeir\u00e3o Branco, Miguel Farias e adjac\u00eancias, abaixo segue o video.<\/p>\n","protected":false},"author":3,"featured_media":21543,"comment_status":"closed","ping_status":"closed","sticky":false,"template":"","format":"standard","meta":{"_links_to":"","_links_to_target":""},"categories":[1],"tags":[],"_links":{"self":[{"href":"https:\/\/www.correiodascidades.com.br\/v1\/wp-json\/wp\/v2\/posts\/21542"}],"collection":[{"href":"https:\/\/www.correiodascidades.com.br\/v1\/wp-json\/wp\/v2\/posts"}],"about":[{"href":"https:\/\/www.correiodascidades.com.br\/v1\/wp-json\/wp\/v2\/types\/post"}],"author":[{"embeddable":true,"href":"https:\/\/www.correiodascidades.com.br\/v1\/wp-json\/wp\/v2\/users\/3"}],"replies":[{"embeddable":true,"href":"https:\/\/www.correiodascidades.com.br\/v1\/wp-json\/wp\/v2\/comments?post=21542"}],"version-history":[{"count":11,"href":"https:\/\/www.correiodascidades.com.br\/v1\/wp-json\/wp\/v2\/posts\/21542\/revisions"}],"predecessor-version":[{"id":21554,"href":"https:\/\/www.correiodascidades.com.br\/v1\/wp-json\/wp\/v2\/posts\/21542\/revisions\/21554"}],"wp:featuredmedia":[{"embeddable":true,"href":"https:\/\/www.correiodascidades.com.br\/v1\/wp-json\/wp\/v2\/media\/21543"}],"wp:attachment":[{"href":"https:\/\/www.correiodascidades.com.br\/v1\/wp-json\/wp\/v2\/media?parent=21542"}],"wp:term":[{"taxonomy":"category","embeddable":true,"href":"https:\/\/www.correiodascidades.com.br\/v1\/wp-json\/wp\/v2\/categories?post=21542"},{"taxonomy":"post_tag","embeddable":true,"href":"https:\/\/www.correiodascidades.com.br\/v1\/wp-json\/wp\/v2\/tags?post=21542"}],"curies":[{"name":"wp","href":"https:\/\/api.w.org\/{rel}","templated":true}]}}