{"id":21557,"date":"2026-04-27T20:42:39","date_gmt":"2026-04-27T23:42:39","guid":{"rendered":"https:\/\/www.correiodascidades.com.br\/v1\/?p=21557"},"modified":"2026-04-27T20:42:39","modified_gmt":"2026-04-27T23:42:39","slug":"juros-elevados-mantem-pressao-sobre-endividamento-das-familias","status":"publish","type":"post","link":"https:\/\/www.correiodascidades.com.br\/v1\/2026\/04\/27\/juros-elevados-mantem-pressao-sobre-endividamento-das-familias\/","title":{"rendered":"Juros elevados mant\u00eam press\u00e3o sobre endividamento das fam\u00edlias"},"content":{"rendered":"<p><img src=\"https:\/\/www.correiodascidades.com.br\/v1\/wp-content\/uploads\/2026\/04\/banco_central_mcajr_abr_0104222273_0-1140x682-1.jpeg\" \/><\/p>\n<p>As Estat\u00edsticas Monet\u00e1rias e de Cr\u00e9dito, divulgadas nesta segunda-feira (27) pelo Banco Central (BC), indicam que as fam\u00edlias seguem pressionadas por cr\u00e9dito caro e recorrem ao uso de modalidades de curto prazo, como o cart\u00e3o de cr\u00e9dito.<img src=\"https:\/\/agenciabrasil.ebc.com.br\/ebc.png?id=1687394&amp;o=node\" data-pin-no-hover=\"true\" \/><img src=\"https:\/\/agenciabrasil.ebc.com.br\/ebc.gif?id=1687394&amp;o=node\" data-pin-no-hover=\"true\" \/><!--more--><\/p>\n<p><strong>Em mar\u00e7o, a taxa m\u00e9dia de juros do cr\u00e9dito livre \u00e0s pessoas f\u00edsicas permaneceu elevada, em 61,5% ao ano, apesar do recuo mensal de 0,4 ponto percentual (p.p).<\/strong><\/p>\n<p>Com o brasileiro pagando juros t\u00e3o altos, a inadimpl\u00eancia do cr\u00e9dito total do Sistema Financeiro Nacional (SFN) ficou em 4,3% da carteira em mar\u00e7o, com queda de 0,1 p.p. no m\u00eas, mas aumento de 1,0 p.p. em 12 meses.<\/p>\n<p><strong>Entre as fam\u00edlias, a taxa chegou a 5,3%, com avan\u00e7o de 1,4 p.p. em um ano.<\/strong><\/p>\n<p>De acordo com as Estat\u00edsticas Monet\u00e1rias e de Cr\u00e9dito do BC, o endividamento das fam\u00edlias brasileiras atingiu 49,9% em fevereiro (aumento de 0,1 p.p. no m\u00eas, e de 1,3 p.p. em 12 meses), enquanto o comprometimento da renda com d\u00edvidas alcan\u00e7ou 29,7% (alta de 0,2 p.p. no m\u00eas e de 1,9 p.p. na compara\u00e7\u00e3o anual).<\/p>\n<p><a href=\"https:\/\/www.whatsapp.com\/channel\/0029VaoRTgrInlqYLSk59B2M\" target=\"_blank\" rel=\"noopener\">&gt;&gt; Siga o canal da Ag\u00eancia Brasil no WhatsApp<\/a><\/p>\n<h2>Cr\u00e9dito \u00e0s fam\u00edlias segue em expans\u00e3o<\/h2>\n<p>O saldo das opera\u00e7\u00f5es de cr\u00e9dito do Sistema Financeiro Nacional (SFN) somou R$ 7,2 trilh\u00f5es em mar\u00e7o, com crescimento de 0,9% no m\u00eas.<\/p>\n<p><strong>O cr\u00e9dito \u00e0s fam\u00edlias alcan\u00e7ou R$ 4,5 trilh\u00f5es, com alta mensal de 0,8% e expans\u00e3o de 10,9% em 12 meses.<\/strong><\/p>\n<p>No cr\u00e9dito livre destinado \u00e0s pessoas f\u00edsicas, o saldo chegou a R$ 2,5 trilh\u00f5es, avan\u00e7ando 1,1% no m\u00eas e 12,3% em rela\u00e7\u00e3o a mar\u00e7o de 2025.\u00a0<strong>O BC destacou o aumento das opera\u00e7\u00f5es com cart\u00e3o de cr\u00e9dito \u00e0 vista, cr\u00e9dito consignado para trabalhadores do setor privado e financiamentos de ve\u00edculos.<\/strong><\/p>\n<p>J\u00e1 o cr\u00e9dito direcionado \u00e0s fam\u00edlias \u2014 que inclui linhas com recursos e condi\u00e7\u00f5es definidas por regras espec\u00edficas \u2014 totalizou R$ 2,0 trilh\u00f5es, com crescimento de 0,5% no m\u00eas e 9,3% em 12 meses.<\/p>\n<h2>Cr\u00e9dito ampliado alcan\u00e7a R$ 21 trilh\u00f5es<\/h2>\n<p>O cr\u00e9dito ampliado ao setor n\u00e3o financeiro totalizou R$ 21,0 trilh\u00f5es em mar\u00e7o, o equivalente a 162,3% do Produto Interno Bruto (PIB \u2013 soma de todos os bens e servi\u00e7os finais produzidos por um pa\u00eds, estado ou cidade, geralmente em um ano), com leve retra\u00e7\u00e3o de 0,3% no m\u00eas.\u00a0<strong>Em 12 meses, houve crescimento de 11,2%.<\/strong><\/p>\n<p>O cr\u00e9dito ampliado \u00e0s empresas atingiu R$ 7,1 trilh\u00f5es, com expans\u00e3o mensal de 1,5%, impulsionada principalmente pelos t\u00edtulos privados de d\u00edvida, empr\u00e9stimos externos e opera\u00e7\u00f5es do SFN.<\/p>\n","protected":false},"excerpt":{"rendered":"<p>As Estat\u00edsticas Monet\u00e1rias e de Cr\u00e9dito, divulgadas nesta segunda-feira (27) pelo Banco Central (BC), indicam que as fam\u00edlias seguem pressionadas por cr\u00e9dito caro e recorrem ao uso de modalidades de curto prazo, como o cart\u00e3o de cr\u00e9dito.<\/p>\n","protected":false},"author":3,"featured_media":21559,"comment_status":"closed","ping_status":"closed","sticky":false,"template":"","format":"standard","meta":{"_links_to":"","_links_to_target":""},"categories":[1],"tags":[],"_links":{"self":[{"href":"https:\/\/www.correiodascidades.com.br\/v1\/wp-json\/wp\/v2\/posts\/21557"}],"collection":[{"href":"https:\/\/www.correiodascidades.com.br\/v1\/wp-json\/wp\/v2\/posts"}],"about":[{"href":"https:\/\/www.correiodascidades.com.br\/v1\/wp-json\/wp\/v2\/types\/post"}],"author":[{"embeddable":true,"href":"https:\/\/www.correiodascidades.com.br\/v1\/wp-json\/wp\/v2\/users\/3"}],"replies":[{"embeddable":true,"href":"https:\/\/www.correiodascidades.com.br\/v1\/wp-json\/wp\/v2\/comments?post=21557"}],"version-history":[{"count":1,"href":"https:\/\/www.correiodascidades.com.br\/v1\/wp-json\/wp\/v2\/posts\/21557\/revisions"}],"predecessor-version":[{"id":21560,"href":"https:\/\/www.correiodascidades.com.br\/v1\/wp-json\/wp\/v2\/posts\/21557\/revisions\/21560"}],"wp:featuredmedia":[{"embeddable":true,"href":"https:\/\/www.correiodascidades.com.br\/v1\/wp-json\/wp\/v2\/media\/21559"}],"wp:attachment":[{"href":"https:\/\/www.correiodascidades.com.br\/v1\/wp-json\/wp\/v2\/media?parent=21557"}],"wp:term":[{"taxonomy":"category","embeddable":true,"href":"https:\/\/www.correiodascidades.com.br\/v1\/wp-json\/wp\/v2\/categories?post=21557"},{"taxonomy":"post_tag","embeddable":true,"href":"https:\/\/www.correiodascidades.com.br\/v1\/wp-json\/wp\/v2\/tags?post=21557"}],"curies":[{"name":"wp","href":"https:\/\/api.w.org\/{rel}","templated":true}]}}