{"id":21566,"date":"2026-04-28T07:33:14","date_gmt":"2026-04-28T10:33:14","guid":{"rendered":"https:\/\/www.correiodascidades.com.br\/v1\/?p=21566"},"modified":"2026-04-28T07:33:14","modified_gmt":"2026-04-28T10:33:14","slug":"policia-civil-cumpre-mandado-de-prisao-por-tentativa-de-latrocinio-em-canapolis","status":"publish","type":"post","link":"https:\/\/www.correiodascidades.com.br\/v1\/2026\/04\/28\/policia-civil-cumpre-mandado-de-prisao-por-tentativa-de-latrocinio-em-canapolis\/","title":{"rendered":"Pol\u00edcia Civil cumpre mandado de pris\u00e3o por tentativa de latroc\u00ednio em Can\u00e1polis"},"content":{"rendered":"<p><img src=\"https:\/\/www.correiodascidades.com.br\/v1\/wp-content\/uploads\/2026\/04\/governo-autoriza-nomeacao-de-mil-aprovados-para-a-0138682400202604241042-ScaleDownProportional.jpeg\" \/><\/p>\n<p>Policiais civis da Delegacia Territorial de Santa Maria da Vit\u00f3ria, com o apoio do Grupo de Apoio T\u00e1tico e T\u00e9cnico \u00e0 Investiga\u00e7\u00e3o (GATTI\/Cerrado), cumpriram, nesta segunda-feira (27), mandados de pris\u00e3o e de busca e apreens\u00e3o na cidade de Santana, contra um casal suspeito de envolvimento em uma tentativa de latroc\u00ednio ocorrida em 2025, no munic\u00edpio de Can\u00e1polis. <!--more--><\/p>\n<p>De acordo com as investiga\u00e7\u00f5es, tr\u00eas homens invadiram um estabelecimento comercial em Can\u00e1polis e, durante o crime, al\u00e9m de levarem uma quantia em dinheiro, aparelhos celulares, cord\u00f5es de ouro e outros objetos, renderam duas funcion\u00e1rias e efetuaram disparos que feriram o propriet\u00e1rio do estabelecimento, que foi socorrido para Goi\u00e2nia (GO).<\/p>\n<p>Durante o cumprimento do mandado, a suspeita foi localizada, mas seu companheiro havia fugido da cidade com destino a Goi\u00e2nia (GO). Foi solicitado, ent\u00e3o, o apoio da Pol\u00edcia Rodovi\u00e1ria Federal (PRF) e da Pol\u00edcia Militar da Bahia (PMBA), que acionaram a Pol\u00edcia Militar do Estado de Goi\u00e1s (PMGO) e conseguiram interceptar o ve\u00edculo utilizado na fuga do suspeito, j\u00e1 na cidade de Posse, naquele estado.<\/p>\n<p>Com o casal suspeito, foram apreendidos aparelhos celulares, que foram recolhidos para an\u00e1lise e instru\u00e7\u00e3o investigativa. O casal foi submetido aos procedimentos legais de praxe e encontra-se custodiado \u00e0 disposi\u00e7\u00e3o do Poder Judici\u00e1rio.<\/p>\n<p>As dilig\u00eancias seguem em curso com o objetivo de localizar o terceiro investigado.<\/p>\n","protected":false},"excerpt":{"rendered":"<p>Policiais civis da Delegacia Territorial de Santa Maria da Vit\u00f3ria, com o apoio do Grupo de Apoio T\u00e1tico e T\u00e9cnico \u00e0 Investiga\u00e7\u00e3o (GATTI\/Cerrado), cumpriram, nesta segunda-feira (27), mandados de pris\u00e3o e de busca e apreens\u00e3o na cidade de Santana, contra um casal suspeito de envolvimento em uma tentativa de latroc\u00ednio ocorrida em 2025, no munic\u00edpio [&hellip;]<\/p>\n","protected":false},"author":3,"featured_media":21515,"comment_status":"closed","ping_status":"closed","sticky":false,"template":"","format":"standard","meta":{"_links_to":"","_links_to_target":""},"categories":[1],"tags":[],"_links":{"self":[{"href":"https:\/\/www.correiodascidades.com.br\/v1\/wp-json\/wp\/v2\/posts\/21566"}],"collection":[{"href":"https:\/\/www.correiodascidades.com.br\/v1\/wp-json\/wp\/v2\/posts"}],"about":[{"href":"https:\/\/www.correiodascidades.com.br\/v1\/wp-json\/wp\/v2\/types\/post"}],"author":[{"embeddable":true,"href":"https:\/\/www.correiodascidades.com.br\/v1\/wp-json\/wp\/v2\/users\/3"}],"replies":[{"embeddable":true,"href":"https:\/\/www.correiodascidades.com.br\/v1\/wp-json\/wp\/v2\/comments?post=21566"}],"version-history":[{"count":1,"href":"https:\/\/www.correiodascidades.com.br\/v1\/wp-json\/wp\/v2\/posts\/21566\/revisions"}],"predecessor-version":[{"id":21567,"href":"https:\/\/www.correiodascidades.com.br\/v1\/wp-json\/wp\/v2\/posts\/21566\/revisions\/21567"}],"wp:featuredmedia":[{"embeddable":true,"href":"https:\/\/www.correiodascidades.com.br\/v1\/wp-json\/wp\/v2\/media\/21515"}],"wp:attachment":[{"href":"https:\/\/www.correiodascidades.com.br\/v1\/wp-json\/wp\/v2\/media?parent=21566"}],"wp:term":[{"taxonomy":"category","embeddable":true,"href":"https:\/\/www.correiodascidades.com.br\/v1\/wp-json\/wp\/v2\/categories?post=21566"},{"taxonomy":"post_tag","embeddable":true,"href":"https:\/\/www.correiodascidades.com.br\/v1\/wp-json\/wp\/v2\/tags?post=21566"}],"curies":[{"name":"wp","href":"https:\/\/api.w.org\/{rel}","templated":true}]}}