{"id":21568,"date":"2026-04-28T22:22:23","date_gmt":"2026-04-29T01:22:23","guid":{"rendered":"https:\/\/www.correiodascidades.com.br\/v1\/?p=21568"},"modified":"2026-04-28T22:22:23","modified_gmt":"2026-04-29T01:22:23","slug":"uesc-celebra-52-anos-com-homenagens-e-reconhecimento-a-diversidade-de-saberes","status":"publish","type":"post","link":"https:\/\/www.correiodascidades.com.br\/v1\/2026\/04\/28\/uesc-celebra-52-anos-com-homenagens-e-reconhecimento-a-diversidade-de-saberes\/","title":{"rendered":"Uesc celebra 52 anos com homenagens e reconhecimento \u00e0 diversidade de saberes"},"content":{"rendered":"<p><img src=\"https:\/\/www.correiodascidades.com.br\/v1\/wp-content\/uploads\/2026\/04\/c35683f6-a462-42d3-b6bc-3d4b195284a0.jpg\" \/><br \/>\nSess\u00e3o especial do Consu destaca lideran\u00e7as acad\u00eamicas e ind\u00edgenas e reafirma o compromisso da universidade com a inclus\u00e3o e o conhecimento plural<br \/>\nA Universidade Estadual de Santa Cruz realizou, nesta ter\u00e7a-feira (28), uma sess\u00e3o especial do Conselho Universit\u00e1rio (Consu) em comemora\u00e7\u00e3o aos 52 anos do campus Professor Soane Nazar\u00e9 de Andrade, em Ilh\u00e9us. A solenidade, aberta ao p\u00fablico, ocorreu no Centro de Arte e Cultura e foi marcada pela entrega dos t\u00edtulos de Professor Honoris Causa e Doutor Honoris Causa, as mais altas distin\u00e7\u00f5es acad\u00eamicas da institui\u00e7\u00e3o. <!--more--><br \/>\nO evento reuniu autoridades, representantes institucionais e a comunidade acad\u00eamica, compondo uma cerim\u00f4nia de forte simbolismo hist\u00f3rico. Entre os presentes, estiveram dirigentes universit\u00e1rios, lideran\u00e7as pol\u00edticas, representantes estudantis e membros da sociedade civil, refor\u00e7ando o car\u00e1ter p\u00fablico e coletivo da universidade.<br \/>\nForam agraciados como Professores Honoris Causa Jos\u00e9 Bites de Carvalho, Evandro Nascimento Silva e Luiz Ot\u00e1vio de Magalh\u00e3es. Os tr\u00eas possuem trajet\u00f3rias consolidadas na gest\u00e3o universit\u00e1ria e atua\u00e7\u00e3o decisiva na defesa da educa\u00e7\u00e3o p\u00fablica na Bahia, com destaque para pol\u00edticas de inclus\u00e3o, expans\u00e3o do ensino superior e fortalecimento da pesquisa cient\u00edfica.<br \/>\nO t\u00edtulo de Doutor Honoris Causa foi concedido ao m\u00e9dico Silvio Porto de Oliveira e \u00e0s lideran\u00e7as ind\u00edgenas Maria Valdelice Amaral de Jesus (Jamapoty) e Maura Rosa Vieira Titiah. A homenagem \u00e0s duas lideran\u00e7as ind\u00edgenas marcou um momento in\u00e9dito na institui\u00e7\u00e3o, ao reconhecer simultaneamente representantes dos povos Tupinamb\u00e1 e Patax\u00f3 H\u00e3h\u00e3h\u00e3e. A presen\u00e7a das comunidades ind\u00edgenas conferiu \u00e0 cerim\u00f4nia um car\u00e1ter de emo\u00e7\u00e3o e reafirma\u00e7\u00e3o identit\u00e1ria, evidenciando o reconhecimento dos saberes ancestrais.<br \/>\nMaria Valdelice Amaral de Jesus destacou-se pela atua\u00e7\u00e3o na defesa do territ\u00f3rio e da identidade cultural do povo Tupinamb\u00e1, enquanto Maura Rosa Vieira Titiah \u00e9 refer\u00eancia na preserva\u00e7\u00e3o da medicina tradicional e na organiza\u00e7\u00e3o do movimento de mulheres ind\u00edgenas. J\u00e1 Silvio Porto de Oliveira teve sua trajet\u00f3ria reconhecida pela contribui\u00e7\u00e3o \u00e0 medicina, \u00e0 forma\u00e7\u00e3o acad\u00eamica e ao cooperativismo em sa\u00fade.<br \/>\nDurante a solenidade, o reitor Alessandro Fernandes de Santana ressaltou o car\u00e1ter hist\u00f3rico do evento e a import\u00e2ncia da universidade como espa\u00e7o plural. Em seu discurso, afirmou que a Uesc demonstra ser uma institui\u00e7\u00e3o \u201cde todos e para todos\u201d, comprometida com a inclus\u00e3o e com o reconhecimento da diversidade de saberes.<\/p>\n<p><img loading=\"lazy\" class=\"alignnone size-full wp-image-21570\" src=\"https:\/\/www.correiodascidades.com.br\/v1\/wp-content\/uploads\/2026\/04\/8c5c3782-5d42-455a-8e12-db0fa0446b1a.jpg\" alt=\"\" width=\"600\" height=\"400\" srcset=\"https:\/\/www.correiodascidades.com.br\/v1\/wp-content\/uploads\/2026\/04\/8c5c3782-5d42-455a-8e12-db0fa0446b1a.jpg 600w, https:\/\/www.correiodascidades.com.br\/v1\/wp-content\/uploads\/2026\/04\/8c5c3782-5d42-455a-8e12-db0fa0446b1a-300x200.jpg 300w\" sizes=\"(max-width: 600px) 100vw, 600px\" \/><br \/>\nO reitor tamb\u00e9m destacou o papel das gest\u00f5es anteriores na consolida\u00e7\u00e3o da institui\u00e7\u00e3o. Em nome dos reitores e reitoras que o antecederam, agradeceu \u00e0s comunidades acad\u00eamicas que contribu\u00edram para a constru\u00e7\u00e3o da universidade ao longo de sua trajet\u00f3ria. Ressaltou ainda a import\u00e2ncia dos fundadores do campus, enfatizando a vis\u00e3o e o legado do professor Soane Nazar\u00e9 de Andrade, que d\u00e1 nome ao campus. Segundo ele, sem o sonho, a coragem e a dedica\u00e7\u00e3o dessas lideran\u00e7as e de todos que passaram pela institui\u00e7\u00e3o, n\u00e3o seria poss\u00edvel celebrar os 52 anos do campus. O reitor registrou tamb\u00e9m agradecimento \u00e0 fam\u00edlia do agricultor Manuel Nabuco, pela doa\u00e7\u00e3o de parte do terreno onde est\u00e1 instalada a universidade.<br \/>\nA fala do dirigente refor\u00e7ou, ainda, que a universidade p\u00fablica \u00e9 sustentada pela sociedade e deve permanecer a seu servi\u00e7o, destacando a relev\u00e2ncia da autonomia universit\u00e1ria e da conviv\u00eancia democr\u00e1tica entre diferentes culturas, origens e formas de conhecimento.<\/p>\n<p><img loading=\"lazy\" class=\"alignnone size-full wp-image-21571\" src=\"https:\/\/www.correiodascidades.com.br\/v1\/wp-content\/uploads\/2026\/04\/01c95936-8226-4a83-9cd0-3a60783cfa6b.jpg\" alt=\"\" width=\"600\" height=\"284\" srcset=\"https:\/\/www.correiodascidades.com.br\/v1\/wp-content\/uploads\/2026\/04\/01c95936-8226-4a83-9cd0-3a60783cfa6b.jpg 600w, https:\/\/www.correiodascidades.com.br\/v1\/wp-content\/uploads\/2026\/04\/01c95936-8226-4a83-9cd0-3a60783cfa6b-300x142.jpg 300w\" sizes=\"(max-width: 600px) 100vw, 600px\" \/><br \/>\nA cerim\u00f4nia evidenciou o papel hist\u00f3rico da Uesc na forma\u00e7\u00e3o de profissionais e na produ\u00e7\u00e3o de conhecimento, consolidando-se como refer\u00eancia regional e nacional. Ao completar 52 anos, a institui\u00e7\u00e3o reafirma seu compromisso com a educa\u00e7\u00e3o p\u00fablica de qualidade, a inclus\u00e3o social e a valoriza\u00e7\u00e3o da diversidade como fundamento essencial do ambiente universit\u00e1rio.<\/p>\n","protected":false},"excerpt":{"rendered":"<p>Sess\u00e3o especial do Consu destaca lideran\u00e7as acad\u00eamicas e ind\u00edgenas e reafirma o compromisso da universidade com a inclus\u00e3o e o conhecimento plural A Universidade Estadual de Santa Cruz realizou, nesta ter\u00e7a-feira (28), uma sess\u00e3o especial do Conselho Universit\u00e1rio (Consu) em comemora\u00e7\u00e3o aos 52 anos do campus Professor Soane Nazar\u00e9 de Andrade, em Ilh\u00e9us. A solenidade, [&hellip;]<\/p>\n","protected":false},"author":3,"featured_media":21569,"comment_status":"closed","ping_status":"closed","sticky":false,"template":"","format":"standard","meta":{"_links_to":"","_links_to_target":""},"categories":[1],"tags":[],"_links":{"self":[{"href":"https:\/\/www.correiodascidades.com.br\/v1\/wp-json\/wp\/v2\/posts\/21568"}],"collection":[{"href":"https:\/\/www.correiodascidades.com.br\/v1\/wp-json\/wp\/v2\/posts"}],"about":[{"href":"https:\/\/www.correiodascidades.com.br\/v1\/wp-json\/wp\/v2\/types\/post"}],"author":[{"embeddable":true,"href":"https:\/\/www.correiodascidades.com.br\/v1\/wp-json\/wp\/v2\/users\/3"}],"replies":[{"embeddable":true,"href":"https:\/\/www.correiodascidades.com.br\/v1\/wp-json\/wp\/v2\/comments?post=21568"}],"version-history":[{"count":1,"href":"https:\/\/www.correiodascidades.com.br\/v1\/wp-json\/wp\/v2\/posts\/21568\/revisions"}],"predecessor-version":[{"id":21572,"href":"https:\/\/www.correiodascidades.com.br\/v1\/wp-json\/wp\/v2\/posts\/21568\/revisions\/21572"}],"wp:featuredmedia":[{"embeddable":true,"href":"https:\/\/www.correiodascidades.com.br\/v1\/wp-json\/wp\/v2\/media\/21569"}],"wp:attachment":[{"href":"https:\/\/www.correiodascidades.com.br\/v1\/wp-json\/wp\/v2\/media?parent=21568"}],"wp:term":[{"taxonomy":"category","embeddable":true,"href":"https:\/\/www.correiodascidades.com.br\/v1\/wp-json\/wp\/v2\/categories?post=21568"},{"taxonomy":"post_tag","embeddable":true,"href":"https:\/\/www.correiodascidades.com.br\/v1\/wp-json\/wp\/v2\/tags?post=21568"}],"curies":[{"name":"wp","href":"https:\/\/api.w.org\/{rel}","templated":true}]}}