{"id":21573,"date":"2026-04-29T07:55:24","date_gmt":"2026-04-29T10:55:24","guid":{"rendered":"https:\/\/www.correiodascidades.com.br\/v1\/?p=21573"},"modified":"2026-04-29T07:55:24","modified_gmt":"2026-04-29T10:55:24","slug":"governo-suspende-34-milhoes-de-multas-de-pedagios-eletronicos","status":"publish","type":"post","link":"https:\/\/www.correiodascidades.com.br\/v1\/2026\/04\/29\/governo-suspende-34-milhoes-de-multas-de-pedagios-eletronicos\/","title":{"rendered":"Governo suspende 3,4 milh\u00f5es de multas de ped\u00e1gios eletr\u00f4nicos"},"content":{"rendered":"<div class=\"header-noticia full-width\">\n<div class=\"linha-fina-noticia\">Delibera\u00e7\u00e3o do Contran modifica formas de notifica\u00e7\u00e3o de motoristas<\/div>\n<\/div>\n<div class=\"subheader\"><\/div>\n<div class=\"capa-materia rel-position\">\n<figure><img loading=\"lazy\" id=\"media-438647\" class=\"\" title=\"Nova381\/Divulga\u00e7\u00e3o\" src=\"https:\/\/imagens.ebc.com.br\/iuvCLaeHWe_zdAUShKlK4aHEPVM=\/1170x700\/smart\/https:\/\/agenciabrasil.ebc.com.br\/sites\/default\/files\/thumbnails\/image\/2025\/09\/26\/image.jpg?itok=4Cprva2u\" alt=\"Caet\u00e9 (MG), 26\/09\/2025 - BR-381 come\u00e7a a cobran\u00e7a em sistema free flow neste s\u00e1bado. Foto: Nova381\/Divulga\u00e7\u00e3o\" width=\"582\" height=\"348\" \/><\/figure>\n<\/div>\n<div class=\"conteudo-noticia\">\n<p>Motoristas que passaram por rodovias com ped\u00e1gio eletr\u00f4nico (sem cabines)\u00a0e foram multados\u00a0ter\u00e3o uma nova chance de quitar seus d\u00e9bitos. \u00c9 que o governo federal suspendeu 3,4 milh\u00f5es de multas aplicadas no sistema\u00a0<em>free flow<\/em>, que usa p\u00f3rticos eletr\u00f4nicos para cobrar apenas pelo trecho percorrido.<img src=\"https:\/\/agenciabrasil.ebc.com.br\/ebc.png?id=1687578&amp;o=node\" \/><img src=\"https:\/\/agenciabrasil.ebc.com.br\/ebc.gif?id=1687578&amp;o=node\" \/><\/p>\n<p><strong>A decis\u00e3o foi anunciada nesta ter\u00e7a-feira (28) pelo Conselho Nacional de Tr\u00e2nsito (Contran)<\/strong>, e prev\u00ea at\u00e9 200 dias para que os usu\u00e1rios quitem d\u00e9bitos de tarifas. Durante esse per\u00edodo, novas multas por falta de pagamento ficam suspensas.<\/p>\n<\/div>\n<p><!--more--><\/p>\n<p>Segundo o ministro-chefe da Secretaria-Geral da Presid\u00eancia, Guilherme Boulos, essa nova delibera\u00e7\u00e3o do Contran \u00e9 uma medida de justi\u00e7a, porque\u00a0<strong>a maioria das pessoas que foram multadas n\u00e3o receberam a devida informa\u00e7\u00e3o sobre como efetuar o pagamento<\/strong>\u00a0do ped\u00e1gio no novo sistema.<\/p>\n<blockquote><p>\u201cUma inova\u00e7\u00e3o tecnol\u00f3gica, ela tem que vir em benef\u00edcio do cidad\u00e3o, n\u00e3o em preju\u00edzo do cidad\u00e3o. O pre\u00e7o do ped\u00e1gio \u00e9 R$ 5. O pre\u00e7o da multa de evas\u00e3o de ped\u00e1gio \u00e9 R$ 200. N\u00f3s estamos falando aqui de 40 vezes mais. E essas pessoas receberam essa multa de R$ 200, R$ 195, sem ter, muitas vezes, a informa\u00e7\u00e3o de como elas deveriam pagar. \u00c0s vezes n\u00e3o sabiam que teriam que ter a tag, n\u00e3o sabiam que aquilo era um ped\u00e1gio. Isso acaba levando a uma ideia de pegadinha.\u201d<\/p><\/blockquote>\n<p>O ministro explicou ainda que houve uma invers\u00e3o na l\u00f3gica de que o usu\u00e1rio precisava ir atr\u00e1s da concession\u00e1ria, pelo site ou aplicativo, para poder pagar.<\/p>\n<blockquote><p>\u201cAgora, com essa defini\u00e7\u00e3o do Contran e do nosso governo, n\u00f3s vamos inverter essa l\u00f3gica, porque\u00a0<strong>a tarifa de ped\u00e1gio devida, ela vai chegar na CNH digital dos pr\u00f3prios motoristas<\/strong>. N\u00f3s estamos falando de uma medida de facilita\u00e7\u00e3o, de uma medida de transpar\u00eancia\u201d<\/p><\/blockquote>\n<div class=\"dnd-widget-wrapper context-grande_6colunas type-image atom-align-center\">\n<div class=\"dnd-atom-rendered\"><img title=\"Marcelo Camargo\/Ag\u00eancia Brasil\" src=\"https:\/\/imagens.ebc.com.br\/BkRuACIRyHD5GX0xrIhbJyo3b18=\/463x0\/smart\/https:\/\/agenciabrasil.ebc.com.br\/sites\/default\/files\/thumbnails\/image\/2026\/04\/28\/regras-pedagio-mc_abr_28042026-3.jpg?itok=VrRC8FuJ\" alt=\"Bras\u00edlia (DF), 28\/04\/2026 - O ministro da secretaria-geral da presid\u00eancia, Guilherme Boulos, e o ministro dos Transportes, George Santoro, durante cerim\u00f4nia para divulga\u00e7\u00e3o das regras de transi\u00e7\u00e3o para a implementa\u00e7\u00e3o do ped\u00e1gio eletr\u00f4nico (free flow) em todo o pa\u00eds. Foto: Marcelo Camargo\/Ag\u00eancia Brasil\" \/><\/div>\n<div class=\"dnd-caption-wrapper\">\n<div class=\"meta\">Bras\u00edlia (DF), 28\/04\/2026 &#8211; O ministro da Secretaria-Geral da Presid\u00eancia, Guilherme Boulos, e o ministro dos Transportes, George Santoro, durante cerim\u00f4nia para divulga\u00e7\u00e3o das regras de transi\u00e7\u00e3o para a implementa\u00e7\u00e3o do ped\u00e1gio eletr\u00f4nico (free flow) em todo o pa\u00eds.\u00a0&#8211;\u00a0<strong>Marcelo Camargo\/Ag\u00eancia Brasil<\/strong><\/div>\n<\/div>\n<\/div>\n<p>Para o ministro dos Transportes e presidente do Contran, George Santoro, a expectativa nesse per\u00edodo de transi\u00e7\u00e3o \u00e9 corrigir falhas operacionais e consolidar o sistema, que\u00a0<strong>deve voltar a funcionar com fiscaliza\u00e7\u00e3o plena ap\u00f3s o fim do prazo de 200 dias<\/strong>.<\/p>\n<blockquote><p>\u201cOs usu\u00e1rios de concess\u00f5es federais, praticamente em 75%, em alguns casos 80% j\u00e1 tem o tagzinho dos meios de pagamento que passa, j\u00e1 faz a cobran\u00e7a. E isso faz com que tenha pouco problema. Quando a gente trata dos outros 20%, no governo federal, pelas nossas concess\u00f5es, a gente tem informa\u00e7\u00e3o que inadimpl\u00eancia \u00e9 4%, ou seja, o nosso n\u00edvel de problema \u00e9 pequeno, mas mesmo 4% geram um n\u00famero muito expressivo de pessoas com multa.\u201d<\/p><\/blockquote>\n<p>As concession\u00e1rias ter\u00e3o at\u00e9 100 dias para adaptar seus sistemas e concentrar as informa\u00e7\u00f5es na plataforma do aplicativo da CNH. Enquanto isso, os usu\u00e1rios ainda devem consultar e pagar as tarifas diretamente nos canais das empresas respons\u00e1veis pelas rodovias, que s\u00e3o obrigadas a disponibilizar meios de acesso \u00e0s informa\u00e7\u00f5es. Tamb\u00e9m est\u00e1 previsto o ressarcimento para quem j\u00e1 pagou multas, desde que regularize a tarifa correspondente dentro do prazo estabelecido.<\/p>\n<p>Outro ponto questionado pelo ministro Guilherme Boulos foi o modelo de ped\u00e1gio implementado no estado de S\u00e3o Paulo. Segundo Boulos,\u00a0<strong>n\u00e3o \u00e9 razo\u00e1vel que se implementem ped\u00e1gios dentro das \u00e1reas urbanas<\/strong>.<\/p>\n<blockquote><p>\u201cQuer dizer, voc\u00ea vai para a casa da sua sogra e voc\u00ea vai pagar um ped\u00e1gio? N\u00e3o \u00e9 razo\u00e1vel\u201d.<\/p><\/blockquote>\n<p>O sistema\u00a0<em>free flow<\/em>\u00a0\u00e9 um modelo que dispensa pra\u00e7as f\u00edsicas de ped\u00e1gio e utiliza p\u00f3rticos eletr\u00f4nicos para registrar a placa dos ve\u00edculos. Ele come\u00e7ou a ser implantado no Brasil em 2023, com a proposta \u00e9 tornar o tr\u00e2nsito mais flu\u00eddo e a cobran\u00e7a mais justa.<\/p>\n","protected":false},"excerpt":{"rendered":"<p>Delibera\u00e7\u00e3o do Contran modifica formas de notifica\u00e7\u00e3o de motoristas Motoristas que passaram por rodovias com ped\u00e1gio eletr\u00f4nico (sem cabines)\u00a0e foram multados\u00a0ter\u00e3o uma nova chance de quitar seus d\u00e9bitos. \u00c9 que o governo federal suspendeu 3,4 milh\u00f5es de multas aplicadas no sistema\u00a0free flow, que usa p\u00f3rticos eletr\u00f4nicos para cobrar apenas pelo trecho percorrido. A decis\u00e3o foi [&hellip;]<\/p>\n","protected":false},"author":3,"featured_media":21574,"comment_status":"closed","ping_status":"closed","sticky":false,"template":"","format":"standard","meta":{"_links_to":"","_links_to_target":""},"categories":[1],"tags":[],"_links":{"self":[{"href":"https:\/\/www.correiodascidades.com.br\/v1\/wp-json\/wp\/v2\/posts\/21573"}],"collection":[{"href":"https:\/\/www.correiodascidades.com.br\/v1\/wp-json\/wp\/v2\/posts"}],"about":[{"href":"https:\/\/www.correiodascidades.com.br\/v1\/wp-json\/wp\/v2\/types\/post"}],"author":[{"embeddable":true,"href":"https:\/\/www.correiodascidades.com.br\/v1\/wp-json\/wp\/v2\/users\/3"}],"replies":[{"embeddable":true,"href":"https:\/\/www.correiodascidades.com.br\/v1\/wp-json\/wp\/v2\/comments?post=21573"}],"version-history":[{"count":1,"href":"https:\/\/www.correiodascidades.com.br\/v1\/wp-json\/wp\/v2\/posts\/21573\/revisions"}],"predecessor-version":[{"id":21575,"href":"https:\/\/www.correiodascidades.com.br\/v1\/wp-json\/wp\/v2\/posts\/21573\/revisions\/21575"}],"wp:featuredmedia":[{"embeddable":true,"href":"https:\/\/www.correiodascidades.com.br\/v1\/wp-json\/wp\/v2\/media\/21574"}],"wp:attachment":[{"href":"https:\/\/www.correiodascidades.com.br\/v1\/wp-json\/wp\/v2\/media?parent=21573"}],"wp:term":[{"taxonomy":"category","embeddable":true,"href":"https:\/\/www.correiodascidades.com.br\/v1\/wp-json\/wp\/v2\/categories?post=21573"},{"taxonomy":"post_tag","embeddable":true,"href":"https:\/\/www.correiodascidades.com.br\/v1\/wp-json\/wp\/v2\/tags?post=21573"}],"curies":[{"name":"wp","href":"https:\/\/api.w.org\/{rel}","templated":true}]}}