{"id":21580,"date":"2026-04-29T08:18:04","date_gmt":"2026-04-29T11:18:04","guid":{"rendered":"https:\/\/www.correiodascidades.com.br\/v1\/?p=21580"},"modified":"2026-04-29T08:18:04","modified_gmt":"2026-04-29T11:18:04","slug":"silas-malafaia-sera-reu-por-injuria-contra-comandante-do-exercito","status":"publish","type":"post","link":"https:\/\/www.correiodascidades.com.br\/v1\/2026\/04\/29\/silas-malafaia-sera-reu-por-injuria-contra-comandante-do-exercito\/","title":{"rendered":"Silas Malafaia ser\u00e1 r\u00e9u por inj\u00faria contra comandante do Ex\u00e9rcito"},"content":{"rendered":"<p><img src=\"https:\/\/www.correiodascidades.com.br\/v1\/wp-content\/uploads\/2026\/04\/965091-25062015-_dsc1932_0.jpeg\" \/><\/p>\n<p>A Primeira Turma do Supremo Tribunal Federal decidiu, nesta ter\u00e7a-feira (28), tornar o pastor Silas Malafaia r\u00e9u pelo crime de inj\u00faria contra o comandante do Ex\u00e9rcito, general Tom\u00e1s Paiva, e outros generais da corpora\u00e7\u00e3o.\u00a0<img src=\"https:\/\/agenciabrasil.ebc.com.br\/ebc.png?id=1687586&amp;o=node\" \/><img src=\"https:\/\/agenciabrasil.ebc.com.br\/ebc.gif?id=1687586&amp;o=node\" \/><!--more--><\/p>\n<p><strong>Malafaia foi denunciado por inj\u00faria e cal\u00fania pela Procuradoria-Geral da Rep\u00fablica por falas proferidas durante uma manifesta\u00e7\u00e3o.<\/strong><\/p>\n<p>Na ocasi\u00e3o, o pastor chamou os generais de \u201cfrouxos, covardes e omissos\u201d. Ele tamb\u00e9m disse que os militares \u201cn\u00e3o honram a farda que vestem\u201d.<\/p>\n<p>A defesa de Malafaia disse que o pastor usou \u201cpalavras fortes\u201d para criticar os generais de forma gen\u00e9rica,\u00a0<strong>sem citar nominalmente Tom\u00e1s Paiva.<\/strong><\/p>\n<p>Os advogados tamb\u00e9m afirmaram que\u00a0<strong>o pastor se retratou das declara\u00e7\u00f5es<\/strong>\u00a0e acrescentaram que ele n\u00e3o pode ser julgado pelo STF porque n\u00e3o tem foro privilegiado.<\/p>\n","protected":false},"excerpt":{"rendered":"<p>A Primeira Turma do Supremo Tribunal Federal decidiu, nesta ter\u00e7a-feira (28), tornar o pastor Silas Malafaia r\u00e9u pelo crime de inj\u00faria contra o comandante do Ex\u00e9rcito, general Tom\u00e1s Paiva, e outros generais da corpora\u00e7\u00e3o.\u00a0<\/p>\n","protected":false},"author":3,"featured_media":21581,"comment_status":"closed","ping_status":"closed","sticky":false,"template":"","format":"standard","meta":{"_links_to":"","_links_to_target":""},"categories":[1],"tags":[],"_links":{"self":[{"href":"https:\/\/www.correiodascidades.com.br\/v1\/wp-json\/wp\/v2\/posts\/21580"}],"collection":[{"href":"https:\/\/www.correiodascidades.com.br\/v1\/wp-json\/wp\/v2\/posts"}],"about":[{"href":"https:\/\/www.correiodascidades.com.br\/v1\/wp-json\/wp\/v2\/types\/post"}],"author":[{"embeddable":true,"href":"https:\/\/www.correiodascidades.com.br\/v1\/wp-json\/wp\/v2\/users\/3"}],"replies":[{"embeddable":true,"href":"https:\/\/www.correiodascidades.com.br\/v1\/wp-json\/wp\/v2\/comments?post=21580"}],"version-history":[{"count":1,"href":"https:\/\/www.correiodascidades.com.br\/v1\/wp-json\/wp\/v2\/posts\/21580\/revisions"}],"predecessor-version":[{"id":21582,"href":"https:\/\/www.correiodascidades.com.br\/v1\/wp-json\/wp\/v2\/posts\/21580\/revisions\/21582"}],"wp:featuredmedia":[{"embeddable":true,"href":"https:\/\/www.correiodascidades.com.br\/v1\/wp-json\/wp\/v2\/media\/21581"}],"wp:attachment":[{"href":"https:\/\/www.correiodascidades.com.br\/v1\/wp-json\/wp\/v2\/media?parent=21580"}],"wp:term":[{"taxonomy":"category","embeddable":true,"href":"https:\/\/www.correiodascidades.com.br\/v1\/wp-json\/wp\/v2\/categories?post=21580"},{"taxonomy":"post_tag","embeddable":true,"href":"https:\/\/www.correiodascidades.com.br\/v1\/wp-json\/wp\/v2\/tags?post=21580"}],"curies":[{"name":"wp","href":"https:\/\/api.w.org\/{rel}","templated":true}]}}