{"id":21583,"date":"2026-04-29T08:22:51","date_gmt":"2026-04-29T11:22:51","guid":{"rendered":"https:\/\/www.correiodascidades.com.br\/v1\/?p=21583"},"modified":"2026-04-29T08:22:51","modified_gmt":"2026-04-29T11:22:51","slug":"policia-civil-prende-homem-suspeito-de-manter-companheira-idosa-em-carcere-privado-e-provocar-sua-morte-em-jaguaquara","status":"publish","type":"post","link":"https:\/\/www.correiodascidades.com.br\/v1\/2026\/04\/29\/policia-civil-prende-homem-suspeito-de-manter-companheira-idosa-em-carcere-privado-e-provocar-sua-morte-em-jaguaquara\/","title":{"rendered":"Pol\u00edcia Civil prende homem suspeito de manter companheira idosa em c\u00e1rcere privado e provocar sua morte em Jaguaquara"},"content":{"rendered":"<div id=\"block-bagov-base-titulodapagina\" class=\"block block-core block-page-title-block\">\n<h1><img loading=\"lazy\" class=\"\" src=\"https:\/\/www.correiodascidades.com.br\/v1\/wp-content\/uploads\/2026\/04\/WhatsApp-Image-2025-09-22-at-09.54.08-300x300.jpg\" width=\"445\" height=\"445\" \/><\/h1>\n<h1 class=\"field--name-title\"><span style=\"font-size: 16px;\">A Pol\u00edcia Civil da Bahia prendeu, neste s\u00e1bado (20), um homem de 50 anos, acusado de manter sua companheira, Maria Rosa Santos, 71 anos, em situa\u00e7\u00e3o de c\u00e1rcere privado, maus-tratos e viol\u00eancia f\u00edsica e sexual. A idosa, encontrada em estado grave no dia anterior, n\u00e3o resistiu e faleceu neste s\u00e1bado, no Hospital Municipal de Jaguaquara.<\/span><\/h1>\n<\/div>\n<p><!--more--><\/p>\n<p>De acordo com as investiga\u00e7\u00f5es, o suspeito impedia a v\u00edtima de manter contato com familiares e se apropriava do benef\u00edcio da aposentadoria da idosa. Testemunhas relataram que Maria Rosa vivia em condi\u00e7\u00f5es insalubres, debilitada, sem acesso a cuidados m\u00e9dicos e submetida a agress\u00f5es constantes.<\/p>\n<p>Na sexta-feira (19), equipes da Pol\u00edcia Civil e do SAMU foram acionadas ap\u00f3s den\u00fancia de populares e encontraram a v\u00edtima acamada, em estado cr\u00edtico, com les\u00f5es infeccionadas, desnutri\u00e7\u00e3o, desidrata\u00e7\u00e3o e sinais de neglig\u00eancia prolongada. O im\u00f3vel apresentava sujeira acumulada, forte odor e aus\u00eancia de condi\u00e7\u00f5es m\u00ednimas de higiene.<\/p>\n<p>Com a confirma\u00e7\u00e3o do \u00f3bito, a Pol\u00edcia Civil, por meio da 9\u00aa Coordenadoria Regional de Pol\u00edcia do Interior (Coorpin\/Jequi\u00e9) e da Delegacia Territorial de Jaguaquara, intensificou as dilig\u00eancias e localizou o suspeito em um bar da cidade, consumindo bebidas alco\u00f3licas. Ele foi preso em flagrante e autuado por les\u00e3o corporal seguida de morte, maus-tratos, c\u00e1rcere privado, estupro de vulner\u00e1vel e apropria\u00e7\u00e3o de proventos de idoso, com representa\u00e7\u00e3o pela pris\u00e3o preventiva.<\/p>\n","protected":false},"excerpt":{"rendered":"<p>A Pol\u00edcia Civil da Bahia prendeu, neste s\u00e1bado (20), um homem de 50 anos, acusado de manter sua companheira, Maria Rosa Santos, 71 anos, em situa\u00e7\u00e3o de c\u00e1rcere privado, maus-tratos e viol\u00eancia f\u00edsica e sexual. A idosa, encontrada em estado grave no dia anterior, n\u00e3o resistiu e faleceu neste s\u00e1bado, no Hospital Municipal de Jaguaquara.<\/p>\n","protected":false},"author":3,"featured_media":21585,"comment_status":"closed","ping_status":"closed","sticky":false,"template":"","format":"standard","meta":{"_links_to":"","_links_to_target":""},"categories":[1],"tags":[],"_links":{"self":[{"href":"https:\/\/www.correiodascidades.com.br\/v1\/wp-json\/wp\/v2\/posts\/21583"}],"collection":[{"href":"https:\/\/www.correiodascidades.com.br\/v1\/wp-json\/wp\/v2\/posts"}],"about":[{"href":"https:\/\/www.correiodascidades.com.br\/v1\/wp-json\/wp\/v2\/types\/post"}],"author":[{"embeddable":true,"href":"https:\/\/www.correiodascidades.com.br\/v1\/wp-json\/wp\/v2\/users\/3"}],"replies":[{"embeddable":true,"href":"https:\/\/www.correiodascidades.com.br\/v1\/wp-json\/wp\/v2\/comments?post=21583"}],"version-history":[{"count":1,"href":"https:\/\/www.correiodascidades.com.br\/v1\/wp-json\/wp\/v2\/posts\/21583\/revisions"}],"predecessor-version":[{"id":21586,"href":"https:\/\/www.correiodascidades.com.br\/v1\/wp-json\/wp\/v2\/posts\/21583\/revisions\/21586"}],"wp:featuredmedia":[{"embeddable":true,"href":"https:\/\/www.correiodascidades.com.br\/v1\/wp-json\/wp\/v2\/media\/21585"}],"wp:attachment":[{"href":"https:\/\/www.correiodascidades.com.br\/v1\/wp-json\/wp\/v2\/media?parent=21583"}],"wp:term":[{"taxonomy":"category","embeddable":true,"href":"https:\/\/www.correiodascidades.com.br\/v1\/wp-json\/wp\/v2\/categories?post=21583"},{"taxonomy":"post_tag","embeddable":true,"href":"https:\/\/www.correiodascidades.com.br\/v1\/wp-json\/wp\/v2\/tags?post=21583"}],"curies":[{"name":"wp","href":"https:\/\/api.w.org\/{rel}","templated":true}]}}