{"id":21614,"date":"2026-04-30T09:34:58","date_gmt":"2026-04-30T12:34:58","guid":{"rendered":"https:\/\/www.correiodascidades.com.br\/v1\/?p=21614"},"modified":"2026-04-30T09:34:58","modified_gmt":"2026-04-30T12:34:58","slug":"flamengo-empata-com-o-estudiantes-segue-lider-do-grupo-a-e-invicto-na-libertadores","status":"publish","type":"post","link":"https:\/\/www.correiodascidades.com.br\/v1\/2026\/04\/30\/flamengo-empata-com-o-estudiantes-segue-lider-do-grupo-a-e-invicto-na-libertadores\/","title":{"rendered":"Flamengo empata com o Estudiantes, segue l\u00edder do Grupo A e invicto na Libertadores"},"content":{"rendered":"<p><img src=\"https:\/\/www.correiodascidades.com.br\/v1\/wp-content\/uploads\/2026\/04\/flamengoxestiantes-1.jpg\" \/><\/p>\n<p><span class=\"dropcap \">O <\/span>Flamengo ficou no empate por 1 a 1 com o Estudiantes, na noite desta quarta-feira (29), no Est\u00e1dio Jorge Luis Hirschi, em La Plata, na Aregentina, pela 3\u00aa rodada da fase de grupos da Conmebol Libertadores. Em um jogo disputado e com momentos de tens\u00e3o, o time rubro-negro abriu o placar no primeiro tempo, mas viu os argentinos igualarem na etapa final. Ainda assim, o resultado mant\u00e9m a equipe na lideran\u00e7a do Grupo A, agora com sete pontos. <!--more--><\/p>\n<p>A partida tamb\u00e9m ficou marcada por fatores extracampo, como a les\u00e3o de Arrascaeta ainda na primeira etapa, diagnosticada como fratura na clav\u00edcula direita, e decis\u00f5es de arbitragem que geraram reclama\u00e7\u00f5es ao longo do confronto. Mesmo assim, o Flamengo sustenta uma sequ\u00eancia positiva: j\u00e1 s\u00e3o oito jogos sem derrota, com consist\u00eancia defensiva e competitividade fora de casa.<\/p>\n<p>O in\u00edcio foi de imposi\u00e7\u00e3o do Estudiantes, que buscou pressionar com bolas longas e presen\u00e7a no campo ofensivo. O Flamengo, por sua vez, mostrou efici\u00eancia quando teve espa\u00e7o.<\/p>\n<p>Aos 33 minutos, a equipe de Leonardo Jardim abriu o placar em uma jogada constru\u00edda com velocidade e precis\u00e3o. Samuel Lino encontrou Bruno Henrique em um belo passe em profundidade, e o atacante fez o passe para Luiz Ara\u00fajo, que empurrou, sozinho pela direita, para o gol aberto. Esse foi o 3\u00ba gol do camisa 7 na temporada.<\/p>\n<p>O lance tamb\u00e9m ampliou uma marca importante de Bruno Henrique: o atacante chegou a 44 participa\u00e7\u00f5es diretas em gols na hist\u00f3ria da Libertadores, se isolando como o brasileiro com mais contribui\u00e7\u00f5es na competi\u00e7\u00e3o.<\/p>\n<p>Antes do intervalo, o Flamengo ainda precisou lidar com a sa\u00edda de Arrascaeta, que, aos 21 minutos, deixou o campo ap\u00f3s uma dividida e foi encaminhado ao hospital, onde teve confirmada a fratura na clav\u00edcula direita.<\/p>\n<p>Na volta para o segundo tempo, o Estudiantes aumentou a press\u00e3o e passou a ocupar mais o campo ofensivo. O empate veio ap\u00f3s sequ\u00eancia de jogadas dentro da \u00e1rea, aos 10 minutos, com Carrillo aproveitando o rebote ap\u00f3s defesa de Rossi: 1\u00d71.<\/p>\n<p>Al\u00e9m disso, houve reclama\u00e7\u00f5es por poss\u00edveis cart\u00f5es n\u00e3o aplicados em lances envolvendo Emerson Royal e o Bruno Henrique, aumentando o clima de tens\u00e3o na partida.<\/p>\n<p>Nos minutos finais, o time argentino seguiu pressionando, mas parou em boas interven\u00e7\u00f5es de Rossi, que garantiu o empate fora de casa.<\/p>\n<p>Com o resultado, o Flamengo chega a sete pontos e segue na lideran\u00e7a do Grupo A da Conmebol Libertadores. O Estudiantes aparece na segunda coloca\u00e7\u00e3o, com cinco pontos, enquanto Independiente Medell\u00edn (1) e Cusco (0) completam a chave.<\/p>\n<p><strong>Estudiantes de La Plata<\/strong><\/p>\n<p>Fernando Muslera; Eric Meza, Gonz\u00e1lez P\u00edrez, Tom\u00e1s Palacios e Gast\u00f3n Benedetti; Ezequiel Piovi, Gabriel Neves (Brian Aguirre), Mikel Amondarain e Facundo Far\u00edas (Edwuin Cetr\u00e9); Tiago Palacios (Adolfo Gaich) e Guido Carrillo (Alexis Castro).<br \/>\nT\u00e9cnico: Alexander Medina.<\/p>\n<p><strong>Flamengo<\/strong><\/p>\n<p>Rossi; Emerson Royal, Danilo, Vit\u00e3o e Alex Sandro; Evertton Ara\u00fajo e Jorginho; Luiz Ara\u00fajo (Plata), De Arrascaeta (Jorge Carrascal) e Samuel Lino (Sa\u00fal); Bruno Henrique (Pedro).<br \/>\nT\u00e9cnico: Leonardo Jardim.<\/p>\n","protected":false},"excerpt":{"rendered":"<p>O Flamengo ficou no empate por 1 a 1 com o Estudiantes, na noite desta quarta-feira (29), no Est\u00e1dio Jorge Luis Hirschi, em La Plata, na Aregentina, pela 3\u00aa rodada da fase de grupos da Conmebol Libertadores. Em um jogo disputado e com momentos de tens\u00e3o, o time rubro-negro abriu o placar no primeiro tempo, [&hellip;]<\/p>\n","protected":false},"author":3,"featured_media":21616,"comment_status":"closed","ping_status":"closed","sticky":false,"template":"","format":"standard","meta":{"_links_to":"","_links_to_target":""},"categories":[1],"tags":[],"_links":{"self":[{"href":"https:\/\/www.correiodascidades.com.br\/v1\/wp-json\/wp\/v2\/posts\/21614"}],"collection":[{"href":"https:\/\/www.correiodascidades.com.br\/v1\/wp-json\/wp\/v2\/posts"}],"about":[{"href":"https:\/\/www.correiodascidades.com.br\/v1\/wp-json\/wp\/v2\/types\/post"}],"author":[{"embeddable":true,"href":"https:\/\/www.correiodascidades.com.br\/v1\/wp-json\/wp\/v2\/users\/3"}],"replies":[{"embeddable":true,"href":"https:\/\/www.correiodascidades.com.br\/v1\/wp-json\/wp\/v2\/comments?post=21614"}],"version-history":[{"count":1,"href":"https:\/\/www.correiodascidades.com.br\/v1\/wp-json\/wp\/v2\/posts\/21614\/revisions"}],"predecessor-version":[{"id":21617,"href":"https:\/\/www.correiodascidades.com.br\/v1\/wp-json\/wp\/v2\/posts\/21614\/revisions\/21617"}],"wp:featuredmedia":[{"embeddable":true,"href":"https:\/\/www.correiodascidades.com.br\/v1\/wp-json\/wp\/v2\/media\/21616"}],"wp:attachment":[{"href":"https:\/\/www.correiodascidades.com.br\/v1\/wp-json\/wp\/v2\/media?parent=21614"}],"wp:term":[{"taxonomy":"category","embeddable":true,"href":"https:\/\/www.correiodascidades.com.br\/v1\/wp-json\/wp\/v2\/categories?post=21614"},{"taxonomy":"post_tag","embeddable":true,"href":"https:\/\/www.correiodascidades.com.br\/v1\/wp-json\/wp\/v2\/tags?post=21614"}],"curies":[{"name":"wp","href":"https:\/\/api.w.org\/{rel}","templated":true}]}}