{"id":21625,"date":"2026-05-01T11:57:13","date_gmt":"2026-05-01T14:57:13","guid":{"rendered":"https:\/\/www.correiodascidades.com.br\/v1\/?p=21625"},"modified":"2026-05-01T11:57:13","modified_gmt":"2026-05-01T14:57:13","slug":"lula-tomou-o-perdeu-mane-que-nao-esperava","status":"publish","type":"post","link":"https:\/\/www.correiodascidades.com.br\/v1\/2026\/05\/01\/lula-tomou-o-perdeu-mane-que-nao-esperava\/","title":{"rendered":"Lula tomou o \u201cperdeu, man\u00e9\u201d que n\u00e3o esperava"},"content":{"rendered":"<div><img loading=\"lazy\" class=\"\" src=\"https:\/\/www.correiodascidades.com.br\/v1\/wp-content\/uploads\/2026\/05\/lulafotosderota-768x512-1.jpg\" width=\"756\" height=\"504\" \/><\/div>\n<div class=\"jeg_share_top_container\"><strong><span class=\"highlight\">CL\u00c1UDIO HUMBERTO<\/span><\/strong><\/div>\n<div class=\"entry-content with-share\">\n<div class=\"content-inner \">\n<p><span class=\"dropcap \">F<\/span>oram acachapantes e simb\u00f3licas as derrotas humilhantes de Lula (PT) no Senado e no Congresso, o primeiro rejeitando Jorge Messias para o Supremo Tribunal Federal (STF) e o outro derrubando o veto presidencial ao projeto da dosimetria, A vaga pretendida por Messias tem significado: era de Lu\u00eds Roberto Barroso, criador de um bord\u00e3o do ativismo judicial. Assim, o aliado de ontem tornou-se, involuntariamente, o autor da frase que resume a humilha\u00e7\u00e3o hist\u00f3rica imposta a Lula: \u201cPerdeu, man\u00e9\u201d.<\/p>\n<\/div>\n<\/div>\n<p><!--more--><\/p>\n<div id=\"Nota-2\" class=\"entry-block ch-nota Nota-2\">\n<h3>Concilia\u00e7\u00e3o \u00e0 vista<\/h3>\n<\/div>\n<p>\u00danica iniciativa de concilia\u00e7\u00e3o nacional desde as senten\u00e7as raivosas do 8\/Jan, a dosimetria faz justi\u00e7a, mas o rancoroso Lula quer ver \u201csangue\u201d.<\/p>\n<div id=\"Nota-3\" class=\"entry-block ch-nota Nota-3\">\n<h3>Aparelhamento<\/h3>\n<\/div>\n<p>Derrotando a dupla Lula\/Messias, o Senado decidiu que h\u00e1 limites para o aparelhamento do Judici\u00e1rio.<\/p>\n<div id=\"Nota-4\" class=\"entry-block ch-nota Nota-4\">\n<h3>N\u00e3o tinha como<\/h3>\n<\/div>\n<p>Messias carregava dois pesos mortos rejeitados: um hist\u00f3rico de ativismo radical de esquerda e o curr\u00edculo considerado insuficiente at\u00e9 por aliados.<\/p>\n<div id=\"Nota-5\" class=\"entry-block ch-nota Nota-5\">\n<h3>Quem perdeu, man\u00e9?<\/h3>\n<\/div>\n<p>Barroso sai de cena deixando a vaga e o bord\u00e3o. Lula fica com a frase, e a constata\u00e7\u00e3o amarga de que, desta vez, quem perdeu, man\u00e9, foi ele.<\/p>\n","protected":false},"excerpt":{"rendered":"<p>CL\u00c1UDIO HUMBERTO Foram acachapantes e simb\u00f3licas as derrotas humilhantes de Lula (PT) no Senado e no Congresso, o primeiro rejeitando Jorge Messias para o Supremo Tribunal Federal (STF) e o outro derrubando o veto presidencial ao projeto da dosimetria, A vaga pretendida por Messias tem significado: era de Lu\u00eds Roberto Barroso, criador de um bord\u00e3o [&hellip;]<\/p>\n","protected":false},"author":3,"featured_media":21626,"comment_status":"closed","ping_status":"closed","sticky":false,"template":"","format":"standard","meta":{"_links_to":"","_links_to_target":""},"categories":[1],"tags":[],"_links":{"self":[{"href":"https:\/\/www.correiodascidades.com.br\/v1\/wp-json\/wp\/v2\/posts\/21625"}],"collection":[{"href":"https:\/\/www.correiodascidades.com.br\/v1\/wp-json\/wp\/v2\/posts"}],"about":[{"href":"https:\/\/www.correiodascidades.com.br\/v1\/wp-json\/wp\/v2\/types\/post"}],"author":[{"embeddable":true,"href":"https:\/\/www.correiodascidades.com.br\/v1\/wp-json\/wp\/v2\/users\/3"}],"replies":[{"embeddable":true,"href":"https:\/\/www.correiodascidades.com.br\/v1\/wp-json\/wp\/v2\/comments?post=21625"}],"version-history":[{"count":1,"href":"https:\/\/www.correiodascidades.com.br\/v1\/wp-json\/wp\/v2\/posts\/21625\/revisions"}],"predecessor-version":[{"id":21627,"href":"https:\/\/www.correiodascidades.com.br\/v1\/wp-json\/wp\/v2\/posts\/21625\/revisions\/21627"}],"wp:featuredmedia":[{"embeddable":true,"href":"https:\/\/www.correiodascidades.com.br\/v1\/wp-json\/wp\/v2\/media\/21626"}],"wp:attachment":[{"href":"https:\/\/www.correiodascidades.com.br\/v1\/wp-json\/wp\/v2\/media?parent=21625"}],"wp:term":[{"taxonomy":"category","embeddable":true,"href":"https:\/\/www.correiodascidades.com.br\/v1\/wp-json\/wp\/v2\/categories?post=21625"},{"taxonomy":"post_tag","embeddable":true,"href":"https:\/\/www.correiodascidades.com.br\/v1\/wp-json\/wp\/v2\/tags?post=21625"}],"curies":[{"name":"wp","href":"https:\/\/api.w.org\/{rel}","templated":true}]}}