{"id":21628,"date":"2026-05-01T12:04:17","date_gmt":"2026-05-01T15:04:17","guid":{"rendered":"https:\/\/www.correiodascidades.com.br\/v1\/?p=21628"},"modified":"2026-05-01T12:04:17","modified_gmt":"2026-05-01T15:04:17","slug":"o-sindicacau-deseja-a-voce-trabalhador-das-industrias-que-tenhas-um-grande","status":"publish","type":"post","link":"https:\/\/www.correiodascidades.com.br\/v1\/2026\/05\/01\/o-sindicacau-deseja-a-voce-trabalhador-das-industrias-que-tenhas-um-grande\/","title":{"rendered":"O sindicacau deseja a voc\u00ea trabalhador das industrias que tenhas um grande"},"content":{"rendered":"<p><img src=\"https:\/\/www.correiodascidades.com.br\/v1\/wp-content\/uploads\/2026\/05\/WhatsApp-Image-2026-05-01-at-06.11.04.jpeg\" \/><\/p>\n<p>Feliz Dia dos Trabalhadores! \u270a\ud83c\udffd\ud83d\udc77\ud83c\udffd\u200d\u2642\ufe0f<br \/>\nQue este 1\u00ba de maio seja um momento de reconhecimento, respeito e valoriza\u00e7\u00e3o de todos que constroem o pa\u00eds com seu trabalho todos os dias<br \/>\nSeguimos firmes na luta por direitos, dignidade e melhores condi\u00e7\u00f5es para a classe trabalhadora.<\/p>\n<p>&nbsp;<\/p>\n","protected":false},"excerpt":{"rendered":"<p>Feliz Dia dos Trabalhadores! \u270a\ud83c\udffd\ud83d\udc77\ud83c\udffd\u200d\u2642\ufe0f Que este 1\u00ba de maio seja um momento de reconhecimento, respeito e valoriza\u00e7\u00e3o de todos que constroem o pa\u00eds com seu trabalho todos os dias Seguimos firmes na luta por direitos, dignidade e melhores condi\u00e7\u00f5es para a classe trabalhadora. &nbsp;<\/p>\n","protected":false},"author":3,"featured_media":21629,"comment_status":"closed","ping_status":"closed","sticky":false,"template":"","format":"standard","meta":{"_links_to":"","_links_to_target":""},"categories":[1],"tags":[],"_links":{"self":[{"href":"https:\/\/www.correiodascidades.com.br\/v1\/wp-json\/wp\/v2\/posts\/21628"}],"collection":[{"href":"https:\/\/www.correiodascidades.com.br\/v1\/wp-json\/wp\/v2\/posts"}],"about":[{"href":"https:\/\/www.correiodascidades.com.br\/v1\/wp-json\/wp\/v2\/types\/post"}],"author":[{"embeddable":true,"href":"https:\/\/www.correiodascidades.com.br\/v1\/wp-json\/wp\/v2\/users\/3"}],"replies":[{"embeddable":true,"href":"https:\/\/www.correiodascidades.com.br\/v1\/wp-json\/wp\/v2\/comments?post=21628"}],"version-history":[{"count":2,"href":"https:\/\/www.correiodascidades.com.br\/v1\/wp-json\/wp\/v2\/posts\/21628\/revisions"}],"predecessor-version":[{"id":21631,"href":"https:\/\/www.correiodascidades.com.br\/v1\/wp-json\/wp\/v2\/posts\/21628\/revisions\/21631"}],"wp:featuredmedia":[{"embeddable":true,"href":"https:\/\/www.correiodascidades.com.br\/v1\/wp-json\/wp\/v2\/media\/21629"}],"wp:attachment":[{"href":"https:\/\/www.correiodascidades.com.br\/v1\/wp-json\/wp\/v2\/media?parent=21628"}],"wp:term":[{"taxonomy":"category","embeddable":true,"href":"https:\/\/www.correiodascidades.com.br\/v1\/wp-json\/wp\/v2\/categories?post=21628"},{"taxonomy":"post_tag","embeddable":true,"href":"https:\/\/www.correiodascidades.com.br\/v1\/wp-json\/wp\/v2\/tags?post=21628"}],"curies":[{"name":"wp","href":"https:\/\/api.w.org\/{rel}","templated":true}]}}