{"id":21633,"date":"2026-05-01T20:30:03","date_gmt":"2026-05-01T23:30:03","guid":{"rendered":"https:\/\/www.correiodascidades.com.br\/v1\/?p=21633"},"modified":"2026-05-01T20:30:03","modified_gmt":"2026-05-01T23:30:03","slug":"craque-do-brasil-pede-neymar-na-copa-do-mundo-e-o-cara-do-hexa","status":"publish","type":"post","link":"https:\/\/www.correiodascidades.com.br\/v1\/2026\/05\/01\/craque-do-brasil-pede-neymar-na-copa-do-mundo-e-o-cara-do-hexa\/","title":{"rendered":"Craque do Brasil pede Neymar na Copa do Mundo: \u201c\u00c9 o cara do hexa"},"content":{"rendered":"<p><img src=\"https:\/\/www.correiodascidades.com.br\/v1\/wp-content\/uploads\/2026\/05\/craque-do-brasil-pede-neymar-na-copa-do-mundo-e-o-0138758200202605011636-ScaleDownProportional.jpeg\" \/><\/p>\n<p>Raphinha n\u00e3o apenas\u00a0torce para que Neymar dispute a pr\u00f3xima\u00a0Copa do Mundo, como tamb\u00e9m acredita que o camisa 10 do Santos ser\u00e1 \u201co cara do hexa\u201d.<\/p>\n<p>Em entrevista ao Doming\u00e3o com Huck, o jogador do Barcelona falou sobre a rela\u00e7\u00e3o de amizade com Neymar e destacou a import\u00e2ncia do craque para a Sele\u00e7\u00e3o. <!--more--><\/p>\n<p>&#8220;\u00c9 o cara que me acolheu dentro da Sele\u00e7\u00e3o, me abra\u00e7ou como se ele j\u00e1 me conhecesse h\u00e1 muito tempo. Deu confian\u00e7a pra eu poder jogar no futebol. Me abra\u00e7ou, me abra\u00e7ou de verdade&#8221;, disse Raphinha, que prosseguiu:<\/p>\n<p>&#8220;Acho que a gente tem que ter o entendimento de quem ele \u00e9 pro futebol brasileiro. E, estando bem fisicamente, ele \u00e9 um cara muito importante que pode ajudar a gente a conquistar esse campeonato&#8221;, finalizou.<\/p>\n<p>Raphinha est\u00e1 na fase final de recupera\u00e7\u00e3o de uma les\u00e3o na coxa direita e pode voltar a ser relacionado pelo Barcelona j\u00e1 neste fim de semana. O atacante se machucou durante o amistoso da Sele\u00e7\u00e3o Brasileira contra a Fran\u00e7a, no dia 26 de mar\u00e7o.<br \/>\nGigante do Brasileir\u00e3o rompe marca de R$ 2 bilh\u00f5es em d\u00edvidas<\/p>\n<section class=\"table__leia-mais\">\n<div id=\"inlineRelated\" class=\"table__leia-mais-wrapper\">\n<div>\n<div><\/div>\n<p>S\u00e3o Paulo pode contar com refor\u00e7o importante contra o Bahia; confira<\/p><\/div>\n<div>\n<div><\/div>\n<p>Vit\u00f3ria x Cear\u00e1: CBF define data e hor\u00e1rio das quartas do Nordest\u00e3o<\/p><\/div>\n<\/div>\n<\/section>\n<p>Por conta do problema, o jogador desfalcou o Barcelona em seis partidas na temporada, incluindo o confronto contra o Atl\u00e9tico de Madrid pelas quartas de final da Liga dos Campe\u00f5es. O Bar\u00e7a acabou eliminado ap\u00f3s perder no placar agregado por 3 a 2.<\/p>\n","protected":false},"excerpt":{"rendered":"<p>Raphinha n\u00e3o apenas\u00a0torce para que Neymar dispute a pr\u00f3xima\u00a0Copa do Mundo, como tamb\u00e9m acredita que o camisa 10 do Santos ser\u00e1 \u201co cara do hexa\u201d. Em entrevista ao Doming\u00e3o com Huck, o jogador do Barcelona falou sobre a rela\u00e7\u00e3o de amizade com Neymar e destacou a import\u00e2ncia do craque para a Sele\u00e7\u00e3o.<\/p>\n","protected":false},"author":3,"featured_media":21634,"comment_status":"closed","ping_status":"closed","sticky":false,"template":"","format":"standard","meta":{"_links_to":"","_links_to_target":""},"categories":[1],"tags":[],"_links":{"self":[{"href":"https:\/\/www.correiodascidades.com.br\/v1\/wp-json\/wp\/v2\/posts\/21633"}],"collection":[{"href":"https:\/\/www.correiodascidades.com.br\/v1\/wp-json\/wp\/v2\/posts"}],"about":[{"href":"https:\/\/www.correiodascidades.com.br\/v1\/wp-json\/wp\/v2\/types\/post"}],"author":[{"embeddable":true,"href":"https:\/\/www.correiodascidades.com.br\/v1\/wp-json\/wp\/v2\/users\/3"}],"replies":[{"embeddable":true,"href":"https:\/\/www.correiodascidades.com.br\/v1\/wp-json\/wp\/v2\/comments?post=21633"}],"version-history":[{"count":1,"href":"https:\/\/www.correiodascidades.com.br\/v1\/wp-json\/wp\/v2\/posts\/21633\/revisions"}],"predecessor-version":[{"id":21635,"href":"https:\/\/www.correiodascidades.com.br\/v1\/wp-json\/wp\/v2\/posts\/21633\/revisions\/21635"}],"wp:featuredmedia":[{"embeddable":true,"href":"https:\/\/www.correiodascidades.com.br\/v1\/wp-json\/wp\/v2\/media\/21634"}],"wp:attachment":[{"href":"https:\/\/www.correiodascidades.com.br\/v1\/wp-json\/wp\/v2\/media?parent=21633"}],"wp:term":[{"taxonomy":"category","embeddable":true,"href":"https:\/\/www.correiodascidades.com.br\/v1\/wp-json\/wp\/v2\/categories?post=21633"},{"taxonomy":"post_tag","embeddable":true,"href":"https:\/\/www.correiodascidades.com.br\/v1\/wp-json\/wp\/v2\/tags?post=21633"}],"curies":[{"name":"wp","href":"https:\/\/api.w.org\/{rel}","templated":true}]}}