{"id":21639,"date":"2026-05-01T20:35:41","date_gmt":"2026-05-01T23:35:41","guid":{"rendered":"https:\/\/www.correiodascidades.com.br\/v1\/?p=21639"},"modified":"2026-05-01T20:37:47","modified_gmt":"2026-05-01T23:37:47","slug":"investigado-por-homicidio-e-preso-em-conceicao-do-jacuipe","status":"publish","type":"post","link":"https:\/\/www.correiodascidades.com.br\/v1\/2026\/05\/01\/investigado-por-homicidio-e-preso-em-conceicao-do-jacuipe\/","title":{"rendered":"Investigado por homic\u00eddio \u00e9 preso em Concei\u00e7\u00e3o do Jacu\u00edpe"},"content":{"rendered":"<div id=\"block-bagov-base-titulodapagina\" class=\"block block-core block-page-title-block\">\n<h1><img loading=\"lazy\" class=\"\" src=\"https:\/\/www.correiodascidades.com.br\/v1\/wp-content\/uploads\/2026\/05\/download-1.jpg\" width=\"542\" height=\"286\" \/><\/h1>\n<h1 class=\"field--name-title\"><span style=\"font-size: 16px;\">Um homem, de 24 anos, investigado por homic\u00eddio qualificado no munic\u00edpio de Concei\u00e7\u00e3o do Jacu\u00edpe, foi preso pela Pol\u00edcia Civil da Bahia nesta quinta-feira (30). O suspeito se apresentou na sede da Delegacia Territorial (DT) do munic\u00edpio, acompanhado de um advogado, onde teve o mandado cumprido.\u00a0<\/span><\/h1>\n<\/div>\n<p><!--more--><\/p>\n<article class=\"node node--type-noticia node--view-mode-full\" data-history-node-id=\"24899\">\n<div class=\"node__content\">\n<div class=\"clearfix text-formatted field field--name-body field--type-text-with-summary field--label-hidden field__item\">\n<p>As investiga\u00e7\u00f5es apontam que o crime ocorreu no dia 15 de mar\u00e7o de 2026, na BR-101, naquele munic\u00edpio. O corpo de Joalisson Santos dos Anjos, de 28 anos, foi localizado com perfura\u00e7\u00f5es provocadas por disparos de arma de fogo e les\u00f5es compat\u00edveis com objeto contundente.<\/p>\n<p>Ap\u00f3s o cumprimento da ordem judicial, expedida pela Vara Crime da Comarca de Concei\u00e7\u00e3o do Jacu\u00edpe, o suspeito foi encaminhado \u00e0 unidade policial, passou pelos exames de praxe no Departamento de Pol\u00edcia T\u00e9cnica (DPT) e permanece \u00e0 disposi\u00e7\u00e3o da Justi\u00e7a.<\/p>\n<\/div>\n<\/div>\n<\/article>\n","protected":false},"excerpt":{"rendered":"<p>Um homem, de 24 anos, investigado por homic\u00eddio qualificado no munic\u00edpio de Concei\u00e7\u00e3o do Jacu\u00edpe, foi preso pela Pol\u00edcia Civil da Bahia nesta quinta-feira (30). O suspeito se apresentou na sede da Delegacia Territorial (DT) do munic\u00edpio, acompanhado de um advogado, onde teve o mandado cumprido.\u00a0<\/p>\n","protected":false},"author":3,"featured_media":21643,"comment_status":"closed","ping_status":"closed","sticky":false,"template":"","format":"standard","meta":{"_links_to":"","_links_to_target":""},"categories":[1],"tags":[],"_links":{"self":[{"href":"https:\/\/www.correiodascidades.com.br\/v1\/wp-json\/wp\/v2\/posts\/21639"}],"collection":[{"href":"https:\/\/www.correiodascidades.com.br\/v1\/wp-json\/wp\/v2\/posts"}],"about":[{"href":"https:\/\/www.correiodascidades.com.br\/v1\/wp-json\/wp\/v2\/types\/post"}],"author":[{"embeddable":true,"href":"https:\/\/www.correiodascidades.com.br\/v1\/wp-json\/wp\/v2\/users\/3"}],"replies":[{"embeddable":true,"href":"https:\/\/www.correiodascidades.com.br\/v1\/wp-json\/wp\/v2\/comments?post=21639"}],"version-history":[{"count":3,"href":"https:\/\/www.correiodascidades.com.br\/v1\/wp-json\/wp\/v2\/posts\/21639\/revisions"}],"predecessor-version":[{"id":21644,"href":"https:\/\/www.correiodascidades.com.br\/v1\/wp-json\/wp\/v2\/posts\/21639\/revisions\/21644"}],"wp:featuredmedia":[{"embeddable":true,"href":"https:\/\/www.correiodascidades.com.br\/v1\/wp-json\/wp\/v2\/media\/21643"}],"wp:attachment":[{"href":"https:\/\/www.correiodascidades.com.br\/v1\/wp-json\/wp\/v2\/media?parent=21639"}],"wp:term":[{"taxonomy":"category","embeddable":true,"href":"https:\/\/www.correiodascidades.com.br\/v1\/wp-json\/wp\/v2\/categories?post=21639"},{"taxonomy":"post_tag","embeddable":true,"href":"https:\/\/www.correiodascidades.com.br\/v1\/wp-json\/wp\/v2\/tags?post=21639"}],"curies":[{"name":"wp","href":"https:\/\/api.w.org\/{rel}","templated":true}]}}