{"id":21645,"date":"2026-05-01T20:55:52","date_gmt":"2026-05-01T23:55:52","guid":{"rendered":"https:\/\/www.correiodascidades.com.br\/v1\/?p=21645"},"modified":"2026-05-01T20:55:52","modified_gmt":"2026-05-01T23:55:52","slug":"empresario-apontado-como-affair-de-ivete-sangalo-marca-presenca-em-show-da-cantora","status":"publish","type":"post","link":"https:\/\/www.correiodascidades.com.br\/v1\/2026\/05\/01\/empresario-apontado-como-affair-de-ivete-sangalo-marca-presenca-em-show-da-cantora\/","title":{"rendered":"Empres\u00e1rio apontado como affair de Ivete Sangalo marca presen\u00e7a em show da cantora"},"content":{"rendered":"<div class=\"flex flex-col w-full font-normal text-[18px] leading-[30px] text-tw-theme-text-default\">\n<p><img loading=\"lazy\" class=\"\" src=\"https:\/\/www.correiodascidades.com.br\/v1\/wp-content\/uploads\/2026\/05\/ivete-sangalo-e-tiago-maia-foram-flagrados-juntos-outras-vezes-3247649.jpeg\" width=\"581\" height=\"327\" \/><\/p>\n<p id=\"paragrafo-cuy16npws0\">O empres\u00e1rio Tiago Maia apontado como novo romance de Ivete Sangalo ap\u00f3s a separa\u00e7\u00e3o com Daniel Cady, marcou presen\u00e7a no show da turn\u00ea \u201cIvete Clareou\u201d, na Marina da Gl\u00f3ria, no Rio de Janeiro, nesta sexta-feira (1\u00aa)<\/p>\n<\/div>\n<div class=\"flex flex-col w-full font-normal text-[18px] leading-[30px] text-tw-theme-text-default\">\n<p id=\"paragrafo-5xono89md1\">Em imagens feitas pelo fot\u00f3grafo Victor Chapetta, do Brazil News, e divulgadas pela revista Quem, Tiago Maia aparece com uma camiseta nas cores verde e amarela, em clima de Copa, com \u201cMainha\u201d estampado nas costas, em refer\u00eancia ao apelido da cantora baiana.<\/p>\n<\/div>\n<p><!--more--><\/p>\n","protected":false},"excerpt":{"rendered":"<p>O empres\u00e1rio Tiago Maia apontado como novo romance de Ivete Sangalo ap\u00f3s a separa\u00e7\u00e3o com Daniel Cady, marcou presen\u00e7a no show da turn\u00ea \u201cIvete Clareou\u201d, na Marina da Gl\u00f3ria, no Rio de Janeiro, nesta sexta-feira (1\u00aa) Em imagens feitas pelo fot\u00f3grafo Victor Chapetta, do Brazil News, e divulgadas pela revista Quem, Tiago Maia aparece com [&hellip;]<\/p>\n","protected":false},"author":3,"featured_media":21647,"comment_status":"closed","ping_status":"closed","sticky":false,"template":"","format":"standard","meta":{"_links_to":"","_links_to_target":""},"categories":[1],"tags":[],"_links":{"self":[{"href":"https:\/\/www.correiodascidades.com.br\/v1\/wp-json\/wp\/v2\/posts\/21645"}],"collection":[{"href":"https:\/\/www.correiodascidades.com.br\/v1\/wp-json\/wp\/v2\/posts"}],"about":[{"href":"https:\/\/www.correiodascidades.com.br\/v1\/wp-json\/wp\/v2\/types\/post"}],"author":[{"embeddable":true,"href":"https:\/\/www.correiodascidades.com.br\/v1\/wp-json\/wp\/v2\/users\/3"}],"replies":[{"embeddable":true,"href":"https:\/\/www.correiodascidades.com.br\/v1\/wp-json\/wp\/v2\/comments?post=21645"}],"version-history":[{"count":1,"href":"https:\/\/www.correiodascidades.com.br\/v1\/wp-json\/wp\/v2\/posts\/21645\/revisions"}],"predecessor-version":[{"id":21648,"href":"https:\/\/www.correiodascidades.com.br\/v1\/wp-json\/wp\/v2\/posts\/21645\/revisions\/21648"}],"wp:featuredmedia":[{"embeddable":true,"href":"https:\/\/www.correiodascidades.com.br\/v1\/wp-json\/wp\/v2\/media\/21647"}],"wp:attachment":[{"href":"https:\/\/www.correiodascidades.com.br\/v1\/wp-json\/wp\/v2\/media?parent=21645"}],"wp:term":[{"taxonomy":"category","embeddable":true,"href":"https:\/\/www.correiodascidades.com.br\/v1\/wp-json\/wp\/v2\/categories?post=21645"},{"taxonomy":"post_tag","embeddable":true,"href":"https:\/\/www.correiodascidades.com.br\/v1\/wp-json\/wp\/v2\/tags?post=21645"}],"curies":[{"name":"wp","href":"https:\/\/api.w.org\/{rel}","templated":true}]}}