{"id":21649,"date":"2026-05-01T20:57:41","date_gmt":"2026-05-01T23:57:41","guid":{"rendered":"https:\/\/www.correiodascidades.com.br\/v1\/?p=21649"},"modified":"2026-05-01T20:57:41","modified_gmt":"2026-05-01T23:57:41","slug":"comitiva-de-itacare-avanca-em-brasilia-com-agenda-intensa-por-investimentos","status":"publish","type":"post","link":"https:\/\/www.correiodascidades.com.br\/v1\/2026\/05\/01\/comitiva-de-itacare-avanca-em-brasilia-com-agenda-intensa-por-investimentos\/","title":{"rendered":"Comitiva de Itacar\u00e9 avan\u00e7a em Bras\u00edlia com agenda intensa por investimentos"},"content":{"rendered":"<header class=\"entry-header\"><\/header>\n<div class=\"entry-content\">\n<figure id=\"attachment_187005\" class=\"wp-caption aligncenter\" aria-describedby=\"caption-attachment-187005\"><img loading=\"lazy\" class=\"wp-image-187005 size-full\" src=\"https:\/\/ubaitabaurgente.com.br\/wp-content\/uploads\/2026\/04\/vereadores-de-itacare-em-brasilia-1.webp\" sizes=\"(max-width: 700px) 100vw, 700px\" srcset=\"https:\/\/ubaitabaurgente.com.br\/wp-content\/uploads\/2026\/04\/vereadores-de-itacare-em-brasilia-1.webp 700w, https:\/\/ubaitabaurgente.com.br\/wp-content\/uploads\/2026\/04\/vereadores-de-itacare-em-brasilia-1-529x340.webp 529w\" alt=\"Cr\u00e9dito: Divulga\u00e7\u00e3o\" width=\"700\" height=\"450\" \/><figcaption id=\"caption-attachment-187005\" class=\"wp-caption-text\"><\/figcaption>Durante a participa\u00e7\u00e3o na Marcha dos Vereadores, em Bras\u00edlia, a comitiva de Itacar\u00e9 tem intensificado uma s\u00e9rie de agendas institucionais em busca de investimentos e parcerias para o munic\u00edpio. O grupo \u00e9 formado pelo presidente da C\u00e2mara, Renilson, o vice-presidente Pedr\u00e3o e os vereadores Djone, Nego Day, Breno, Gilberto, Tonho do Bicho e Jionez, al\u00e9m do vice-prefeito Z\u00e9 Washington e do secret\u00e1rio municipal Albert Queiroz.<\/figure>\n<figure id=\"attachment_187006\" class=\"wp-caption aligncenter\" aria-describedby=\"caption-attachment-187006\"><img loading=\"lazy\" class=\"wp-image-187006 size-full\" src=\"https:\/\/ubaitabaurgente.com.br\/wp-content\/uploads\/2026\/04\/vereadores-de-itacare-em-brasilia-2.webp\" sizes=\"(max-width: 700px) 100vw, 700px\" srcset=\"https:\/\/ubaitabaurgente.com.br\/wp-content\/uploads\/2026\/04\/vereadores-de-itacare-em-brasilia-2.webp 700w, https:\/\/ubaitabaurgente.com.br\/wp-content\/uploads\/2026\/04\/vereadores-de-itacare-em-brasilia-2-529x340.webp 529w\" alt=\"Cr\u00e9dito: Divulga\u00e7\u00e3o\" width=\"700\" height=\"450\" \/><figcaption id=\"caption-attachment-187006\" class=\"wp-caption-text\">Cr\u00e9dito: Divulga\u00e7\u00e3o<\/figcaption><\/figure>\n<p>Ao longo da programa\u00e7\u00e3o, os parlamentares visitaram importantes lideran\u00e7as no Congresso Nacional, entre elas os deputados federais Jorge Solla, Alice Portugal, Paulo Magalh\u00e3es e M\u00e1rcio Marinho. A comitiva tamb\u00e9m cumpriu agenda com o senador Otto Alencar, refor\u00e7ando o di\u00e1logo em torno de novos investimentos para Itacar\u00e9.<\/p>\n<figure id=\"attachment_187007\" class=\"wp-caption aligncenter\" aria-describedby=\"caption-attachment-187007\"><img loading=\"lazy\" class=\"wp-image-187007 size-full\" src=\"https:\/\/ubaitabaurgente.com.br\/wp-content\/uploads\/2026\/04\/vereadores-de-itacare-em-brasilia-3.webp\" sizes=\"(max-width: 700px) 100vw, 700px\" srcset=\"https:\/\/ubaitabaurgente.com.br\/wp-content\/uploads\/2026\/04\/vereadores-de-itacare-em-brasilia-3.webp 700w, https:\/\/ubaitabaurgente.com.br\/wp-content\/uploads\/2026\/04\/vereadores-de-itacare-em-brasilia-3-529x340.webp 529w\" alt=\"Cr\u00e9dito: Divulga\u00e7\u00e3o\" width=\"700\" height=\"450\" \/><figcaption id=\"caption-attachment-187007\" class=\"wp-caption-text\">Cr\u00e9dito: Divulga\u00e7\u00e3o<\/figcaption><\/figure>\n<p>Outro destaque da agenda foi a visita ao Minist\u00e9rio da Agricultura, onde os representantes do munic\u00edpio estiveram acompanhados de Danilo Reis, tratando de demandas voltadas ao fortalecimento da zona rural e apoio ao produtor local. A comitiva tamb\u00e9m participou de reuni\u00e3o na Codevasf, em audi\u00eancia com o diretor Vivaldo Mendon\u00e7a, discutindo projetos estruturantes para o munic\u00edpio.<\/p>\n<figure id=\"attachment_187008\" class=\"wp-caption aligncenter\" aria-describedby=\"caption-attachment-187008\"><img loading=\"lazy\" class=\"wp-image-187008 size-full\" src=\"https:\/\/ubaitabaurgente.com.br\/wp-content\/uploads\/2026\/04\/vereadores-de-itacare-em-brasilia-4.webp\" sizes=\"(max-width: 700px) 100vw, 700px\" srcset=\"https:\/\/ubaitabaurgente.com.br\/wp-content\/uploads\/2026\/04\/vereadores-de-itacare-em-brasilia-4.webp 700w, https:\/\/ubaitabaurgente.com.br\/wp-content\/uploads\/2026\/04\/vereadores-de-itacare-em-brasilia-4-529x340.webp 529w\" alt=\"Cr\u00e9dito: Divulga\u00e7\u00e3o\" width=\"700\" height=\"450\" \/><figcaption id=\"caption-attachment-187008\" class=\"wp-caption-text\">Cr\u00e9dito: Divulga\u00e7\u00e3o<\/figcaption><\/figure>\n<p>O vice-prefeito Z\u00e9 Washington destacou a import\u00e2ncia da uni\u00e3o entre os poderes e o protagonismo da gest\u00e3o municipal nas articula\u00e7\u00f5es em Bras\u00edlia. \u201cEstamos aqui representando o prefeito Nego de Saronga, que tem conduzido Itacar\u00e9 com lideran\u00e7a, responsabilidade e compromisso com o desenvolvimento. Essa agenda \u00e9 fruto de um trabalho conjunto, que busca garantir mais avan\u00e7os para nossa cidade\u201d, afirmou.<\/p>\n<figure id=\"attachment_187009\" class=\"wp-caption aligncenter\" aria-describedby=\"caption-attachment-187009\"><img loading=\"lazy\" class=\"wp-image-187009 size-full\" src=\"https:\/\/ubaitabaurgente.com.br\/wp-content\/uploads\/2026\/04\/vereadores-de-itacare-em-brasilia-.webp\" sizes=\"(max-width: 700px) 100vw, 700px\" srcset=\"https:\/\/ubaitabaurgente.com.br\/wp-content\/uploads\/2026\/04\/vereadores-de-itacare-em-brasilia-.webp 700w, https:\/\/ubaitabaurgente.com.br\/wp-content\/uploads\/2026\/04\/vereadores-de-itacare-em-brasilia--529x340.webp 529w\" alt=\"Cr\u00e9dito: Divulga\u00e7\u00e3o\" width=\"700\" height=\"450\" \/><figcaption id=\"caption-attachment-187009\" class=\"wp-caption-text\">Cr\u00e9dito: Divulga\u00e7\u00e3o<\/figcaption><\/figure>\n<p>A participa\u00e7\u00e3o ativa da comitiva refor\u00e7a o compromisso das lideran\u00e7as de Itacar\u00e9 com a busca por recursos e pol\u00edticas p\u00fablicas que contribuam para o crescimento do munic\u00edpio, fortalecendo \u00e1reas essenciais como infraestrutura, agricultura e servi\u00e7os p\u00fablicos.<\/p>\n<\/div>\n","protected":false},"excerpt":{"rendered":"<p>Durante a participa\u00e7\u00e3o na Marcha dos Vereadores, em Bras\u00edlia, a comitiva de Itacar\u00e9 tem intensificado uma s\u00e9rie de agendas institucionais em busca de investimentos e parcerias para o munic\u00edpio. O grupo \u00e9 formado pelo presidente da C\u00e2mara, Renilson, o vice-presidente Pedr\u00e3o e os vereadores Djone, Nego Day, Breno, Gilberto, Tonho do Bicho e Jionez, al\u00e9m [&hellip;]<\/p>\n","protected":false},"author":3,"featured_media":21650,"comment_status":"closed","ping_status":"closed","sticky":false,"template":"","format":"standard","meta":{"_links_to":"","_links_to_target":""},"categories":[1],"tags":[],"_links":{"self":[{"href":"https:\/\/www.correiodascidades.com.br\/v1\/wp-json\/wp\/v2\/posts\/21649"}],"collection":[{"href":"https:\/\/www.correiodascidades.com.br\/v1\/wp-json\/wp\/v2\/posts"}],"about":[{"href":"https:\/\/www.correiodascidades.com.br\/v1\/wp-json\/wp\/v2\/types\/post"}],"author":[{"embeddable":true,"href":"https:\/\/www.correiodascidades.com.br\/v1\/wp-json\/wp\/v2\/users\/3"}],"replies":[{"embeddable":true,"href":"https:\/\/www.correiodascidades.com.br\/v1\/wp-json\/wp\/v2\/comments?post=21649"}],"version-history":[{"count":1,"href":"https:\/\/www.correiodascidades.com.br\/v1\/wp-json\/wp\/v2\/posts\/21649\/revisions"}],"predecessor-version":[{"id":21651,"href":"https:\/\/www.correiodascidades.com.br\/v1\/wp-json\/wp\/v2\/posts\/21649\/revisions\/21651"}],"wp:featuredmedia":[{"embeddable":true,"href":"https:\/\/www.correiodascidades.com.br\/v1\/wp-json\/wp\/v2\/media\/21650"}],"wp:attachment":[{"href":"https:\/\/www.correiodascidades.com.br\/v1\/wp-json\/wp\/v2\/media?parent=21649"}],"wp:term":[{"taxonomy":"category","embeddable":true,"href":"https:\/\/www.correiodascidades.com.br\/v1\/wp-json\/wp\/v2\/categories?post=21649"},{"taxonomy":"post_tag","embeddable":true,"href":"https:\/\/www.correiodascidades.com.br\/v1\/wp-json\/wp\/v2\/tags?post=21649"}],"curies":[{"name":"wp","href":"https:\/\/api.w.org\/{rel}","templated":true}]}}