{"id":21653,"date":"2026-05-02T04:00:45","date_gmt":"2026-05-02T07:00:45","guid":{"rendered":"https:\/\/www.correiodascidades.com.br\/v1\/?p=21653"},"modified":"2026-05-02T04:00:45","modified_gmt":"2026-05-02T07:00:45","slug":"prefeitura-entrega-arena-esportiva-com-gramado-sintetico-em-jaguaripe-i","status":"publish","type":"post","link":"https:\/\/www.correiodascidades.com.br\/v1\/2026\/05\/02\/prefeitura-entrega-arena-esportiva-com-gramado-sintetico-em-jaguaripe-i\/","title":{"rendered":"Prefeitura entrega arena esportiva com gramado sint\u00e9tico em Jaguaripe I"},"content":{"rendered":"<p><img loading=\"lazy\" class=\"\" src=\"https:\/\/www.correiodascidades.com.br\/v1\/wp-content\/uploads\/2026\/05\/d69045a75a374fda4c710f4107b3.jpeg\" width=\"600\" height=\"285\" \/><\/p>\n<p>O campo de futebol utilizado pelos moradores de Jaguaripe I, em Cajazeiras, foi transformado em uma arena esportiva, ampliando as op\u00e7\u00f5es de pr\u00e1tica esportiva e lazer na regi\u00e3o. O equipamento, que recebeu investimento de mais de R$ 500 mil, foi entregue na manh\u00e3 desta sexta-feira (1\u00ba), Dia do Trabalhador, pelo prefeito Bruno Reis.\u00a0 <!--more--><\/p>\n<div class=\"google-auto-placed\"><ins class=\"adsbygoogle adsbygoogle-noablate\" data-ad-format=\"auto\" data-ad-client=\"ca-pub-0629312231703893\" data-adsbygoogle-status=\"done\"><\/p>\n<div id=\"aswift_10_host\"><\/div>\n<p><\/ins><\/div>\n<p>Com a nova estrutura, a capital baiana chega \u00e0 marca de 98 arenas esportivas implantadas na cidade. O local, que antes era um grande campo de ch\u00e3o batido, passou por obras de requalifica\u00e7\u00e3o que inclu\u00edram a implanta\u00e7\u00e3o de grama sint\u00e9tica, alambrado e sistema de ilumina\u00e7\u00e3o com 36 projetores de LED, permitindo a utiliza\u00e7\u00e3o tamb\u00e9m no per\u00edodo noturno.<\/p>\n<p>Durante a cerim\u00f4nia de entrega, Bruno Reis ressaltou a import\u00e2ncia do esporte na forma\u00e7\u00e3o de crian\u00e7as e jovens e lembrou o papel social das arenas nos bairros, destacando que muitos atletas que se projetaram no cen\u00e1rio esportivo nacional tiveram origem em comunidades semelhantes.<\/p>\n<div class=\"google-auto-placed\"><ins class=\"adsbygoogle adsbygoogle-noablate\" data-ad-format=\"auto\" data-ad-client=\"ca-pub-0629312231703893\" data-adsbygoogle-status=\"done\"><\/p>\n<div id=\"aswift_11_host\"><\/div>\n<p><\/ins><\/div>\n<p>\u201cO esporte ensina disciplina, foco, respeito e trabalho em equipe. Mesmo para aqueles que n\u00e3o se tornam atletas profissionais, os aprendizados adquiridos aqui servem para toda a vida. Quando um jovem de uma comunidade chega ao futebol profissional, ele se torna exemplo e inspira\u00e7\u00e3o para outros. Por isso, investimos tanto em espa\u00e7os como esse\u201d, afirmou.<\/p>\n<p>A Arena de Jaguaripe I n\u00e3o ser\u00e1 a \u00fanica entregue neste ano na capital baiana. Outras 30 est\u00e3o previstas para serem inauguradas pelo prefeito nos pr\u00f3ximos meses. Durante o ato, o gestor tamb\u00e9m lembrou que ser\u00e1 implantada uma escola municipal na localidade.<\/p>\n<p>Moradora da regi\u00e3o, Lorena Muniz lembra que, antes da interven\u00e7\u00e3o, o local n\u00e3o possu\u00eda infraestrutura adequada. Segundo ela, apesar das limita\u00e7\u00f5es, o campo sempre foi utilizado pela popula\u00e7\u00e3o, com a realiza\u00e7\u00e3o de partidas e campeonatos locais. \u201cAntigamente, era s\u00f3 barro. N\u00e3o tinha gramado nem alambrado. Quem cuidava eram os pr\u00f3prios moradores. O campo era muito abandonado, mas nunca deixou de ser usado. Faltava mesmo estrutura, como limpeza e pavimenta\u00e7\u00e3o\u201d, afirmou.<\/p>\n<p>Atualmente, o espa\u00e7o tamb\u00e9m abriga uma escolinha de futebol organizada por moradores, que atende crian\u00e7as da regi\u00e3o, incluindo o filho de Lorena. Ela avalia que a nova estrutura representa um avan\u00e7o importante para o bairro. \u201cUm campo como esse valoriza a comunidade e oferece um espa\u00e7o de lazer n\u00e3o s\u00f3 para as crian\u00e7as, mas tamb\u00e9m para os adultos\u201d, disse.<\/p>\n<p>Por \u00a0Nilson Marinho<\/p>\n","protected":false},"excerpt":{"rendered":"<p>O campo de futebol utilizado pelos moradores de Jaguaripe I, em Cajazeiras, foi transformado em uma arena esportiva, ampliando as op\u00e7\u00f5es de pr\u00e1tica esportiva e lazer na regi\u00e3o. O equipamento, que recebeu investimento de mais de R$ 500 mil, foi entregue na manh\u00e3 desta sexta-feira (1\u00ba), Dia do Trabalhador, pelo prefeito Bruno Reis.\u00a0<\/p>\n","protected":false},"author":3,"featured_media":21659,"comment_status":"closed","ping_status":"closed","sticky":false,"template":"","format":"standard","meta":{"_links_to":"","_links_to_target":""},"categories":[1],"tags":[],"_links":{"self":[{"href":"https:\/\/www.correiodascidades.com.br\/v1\/wp-json\/wp\/v2\/posts\/21653"}],"collection":[{"href":"https:\/\/www.correiodascidades.com.br\/v1\/wp-json\/wp\/v2\/posts"}],"about":[{"href":"https:\/\/www.correiodascidades.com.br\/v1\/wp-json\/wp\/v2\/types\/post"}],"author":[{"embeddable":true,"href":"https:\/\/www.correiodascidades.com.br\/v1\/wp-json\/wp\/v2\/users\/3"}],"replies":[{"embeddable":true,"href":"https:\/\/www.correiodascidades.com.br\/v1\/wp-json\/wp\/v2\/comments?post=21653"}],"version-history":[{"count":1,"href":"https:\/\/www.correiodascidades.com.br\/v1\/wp-json\/wp\/v2\/posts\/21653\/revisions"}],"predecessor-version":[{"id":21660,"href":"https:\/\/www.correiodascidades.com.br\/v1\/wp-json\/wp\/v2\/posts\/21653\/revisions\/21660"}],"wp:featuredmedia":[{"embeddable":true,"href":"https:\/\/www.correiodascidades.com.br\/v1\/wp-json\/wp\/v2\/media\/21659"}],"wp:attachment":[{"href":"https:\/\/www.correiodascidades.com.br\/v1\/wp-json\/wp\/v2\/media?parent=21653"}],"wp:term":[{"taxonomy":"category","embeddable":true,"href":"https:\/\/www.correiodascidades.com.br\/v1\/wp-json\/wp\/v2\/categories?post=21653"},{"taxonomy":"post_tag","embeddable":true,"href":"https:\/\/www.correiodascidades.com.br\/v1\/wp-json\/wp\/v2\/tags?post=21653"}],"curies":[{"name":"wp","href":"https:\/\/api.w.org\/{rel}","templated":true}]}}