{"id":21655,"date":"2026-05-02T03:38:20","date_gmt":"2026-05-02T06:38:20","guid":{"rendered":"https:\/\/www.correiodascidades.com.br\/v1\/?p=21655"},"modified":"2026-05-02T03:38:38","modified_gmt":"2026-05-02T06:38:38","slug":"mais-de-20-cidades-da-bahia-ficarao-sem-agua-saiba-quais","status":"publish","type":"post","link":"https:\/\/www.correiodascidades.com.br\/v1\/2026\/05\/02\/mais-de-20-cidades-da-bahia-ficarao-sem-agua-saiba-quais\/","title":{"rendered":"Mais de 20 cidades da Bahia ficar\u00e3o sem \u00e1gua; saiba quais"},"content":{"rendered":"<h2><img src=\"https:\/\/www.correiodascidades.com.br\/v1\/wp-content\/uploads\/2026\/05\/areas-de-salvador-ficam-sem-agua-veja-quando-o-ser0138238500202603120919-ScaleDownProportional.jpeg\" \/><\/h2>\n<h2>Embasa orienta que moradores armazenem \u00e1gua com anteced\u00eancia e utilizem o recurso de forma consciente durante.<\/h2>\n<p>O\u00a0abastecimento de \u00e1gua\u00a0ser\u00e1 interrompido em 25 munic\u00edpios do interior da\u00a0<a href=\"https:\/\/atarde.com.br\/?q=Bahia\" target=\"_blank\" rel=\"noopener\" data-rel-defined=\"\">Bahia<\/a>\u00a0na pr\u00f3xima ter\u00e7a-feira, 5, devido a uma parada programada no sistema Sisal\/Pedras Altas. A suspens\u00e3o come\u00e7a \u00e0s 5h e a previs\u00e3o \u00e9 que os servi\u00e7os sejam conclu\u00eddos at\u00e9 o fim da tarde.<\/p>\n<p>De acordo com a Empresa Baiana de \u00c1guas e Saneamento, a interrup\u00e7\u00e3o \u00e9 necess\u00e1ria para a realiza\u00e7\u00e3o de manuten\u00e7\u00e3o preventiva e instala\u00e7\u00e3o de novos equipamentos no sistema de abastecimento.<\/p>\n<p>Ao todo, 16 munic\u00edpios ter\u00e3o o fornecimento suspenso: Veja quais s\u00e3o: <!--more--><\/p>\n<ul>\n<li>Capim Grosso<\/li>\n<li>Quixabeira<\/li>\n<li>S\u00e3o Jos\u00e9 do Jacu\u00edpe<\/li>\n<li>V\u00e1rzea da Ro\u00e7a<\/li>\n<li>Mairi<\/li>\n<li>V\u00e1rzea do Po\u00e7o<\/li>\n<li>Capela do Alto Alegre<\/li>\n<li>Pintadas<\/li>\n<li>Riach\u00e3o do Jacu\u00edpe<\/li>\n<li>Valente<\/li>\n<li>S\u00e3o Domingos<\/li>\n<li>Nova F\u00e1tima<\/li>\n<li>Gavi\u00e3o<\/li>\n<li>P\u00e9 de Serra<\/li>\n<li>Ichu<\/li>\n<li>Candeal<\/li>\n<\/ul>\n<p>Al\u00e9m disso, localidades em outros munic\u00edpios tamb\u00e9m ser\u00e3o afetadas:<\/p>\n<ul>\n<li>Junco e Novo Para\u00edso (Jacobina)<\/li>\n<li>Gon\u00e7alo (Ca\u00e9m)<\/li>\n<li>Pereira, Nova Campina, Sisal\u00e2ndia e Barreirinho (Santaluz)<\/li>\n<li>Riacho da On\u00e7a (Queimadas)<\/li>\n<li>Almas, Ipueirinha e S\u00e3o Roque (Concei\u00e7\u00e3o do Coit\u00e9)<\/li>\n<li>Pe\u00f5es (Retirol\u00e2ndia)<\/li>\n<li>Bonfim de Ipir\u00e1 e Alto Alegre (Ipir\u00e1)<\/li>\n<li>S\u00e3o Nicolau e Tomba (Santa B\u00e1rbara e Tanquinho)<\/li>\n<\/ul>\n<h2>Retorno gradual<\/h2>\n<p>Segundo a Embasa, ap\u00f3s a conclus\u00e3o dos servi\u00e7os, o abastecimento ser\u00e1 retomado de forma progressiva. A normaliza\u00e7\u00e3o completa pode levar at\u00e9 48 horas, especialmente em \u00e1reas mais altas ou distantes da rede principal.<\/p>\n<p>A empresa orienta que os moradores armazenem \u00e1gua com anteced\u00eancia e utilizem o recurso de forma consciente durante o per\u00edodo da interrup\u00e7\u00e3o. Im\u00f3veis que possuem reservat\u00f3rios adequados podem n\u00e3o sentir os efeitos da suspens\u00e3o.<\/p>\n","protected":false},"excerpt":{"rendered":"<p>Embasa orienta que moradores armazenem \u00e1gua com anteced\u00eancia e utilizem o recurso de forma consciente durante. O\u00a0abastecimento de \u00e1gua\u00a0ser\u00e1 interrompido em 25 munic\u00edpios do interior da\u00a0Bahia\u00a0na pr\u00f3xima ter\u00e7a-feira, 5, devido a uma parada programada no sistema Sisal\/Pedras Altas. A suspens\u00e3o come\u00e7a \u00e0s 5h e a previs\u00e3o \u00e9 que os servi\u00e7os sejam conclu\u00eddos at\u00e9 o fim [&hellip;]<\/p>\n","protected":false},"author":3,"featured_media":21656,"comment_status":"closed","ping_status":"closed","sticky":false,"template":"","format":"standard","meta":{"_links_to":"","_links_to_target":""},"categories":[1],"tags":[],"_links":{"self":[{"href":"https:\/\/www.correiodascidades.com.br\/v1\/wp-json\/wp\/v2\/posts\/21655"}],"collection":[{"href":"https:\/\/www.correiodascidades.com.br\/v1\/wp-json\/wp\/v2\/posts"}],"about":[{"href":"https:\/\/www.correiodascidades.com.br\/v1\/wp-json\/wp\/v2\/types\/post"}],"author":[{"embeddable":true,"href":"https:\/\/www.correiodascidades.com.br\/v1\/wp-json\/wp\/v2\/users\/3"}],"replies":[{"embeddable":true,"href":"https:\/\/www.correiodascidades.com.br\/v1\/wp-json\/wp\/v2\/comments?post=21655"}],"version-history":[{"count":1,"href":"https:\/\/www.correiodascidades.com.br\/v1\/wp-json\/wp\/v2\/posts\/21655\/revisions"}],"predecessor-version":[{"id":21657,"href":"https:\/\/www.correiodascidades.com.br\/v1\/wp-json\/wp\/v2\/posts\/21655\/revisions\/21657"}],"wp:featuredmedia":[{"embeddable":true,"href":"https:\/\/www.correiodascidades.com.br\/v1\/wp-json\/wp\/v2\/media\/21656"}],"wp:attachment":[{"href":"https:\/\/www.correiodascidades.com.br\/v1\/wp-json\/wp\/v2\/media?parent=21655"}],"wp:term":[{"taxonomy":"category","embeddable":true,"href":"https:\/\/www.correiodascidades.com.br\/v1\/wp-json\/wp\/v2\/categories?post=21655"},{"taxonomy":"post_tag","embeddable":true,"href":"https:\/\/www.correiodascidades.com.br\/v1\/wp-json\/wp\/v2\/tags?post=21655"}],"curies":[{"name":"wp","href":"https:\/\/api.w.org\/{rel}","templated":true}]}}