{"id":21661,"date":"2026-05-02T04:03:44","date_gmt":"2026-05-02T07:03:44","guid":{"rendered":"https:\/\/www.correiodascidades.com.br\/v1\/?p=21661"},"modified":"2026-05-02T04:03:44","modified_gmt":"2026-05-02T07:03:44","slug":"bolsonaro-e-internado-em-brasilia-para-cirurgia-no-ombro-apos-autorizacao-de-alexandre-de-moraes","status":"publish","type":"post","link":"https:\/\/www.correiodascidades.com.br\/v1\/2026\/05\/02\/bolsonaro-e-internado-em-brasilia-para-cirurgia-no-ombro-apos-autorizacao-de-alexandre-de-moraes\/","title":{"rendered":"Bolsonaro \u00e9 internado em Bras\u00edlia para cirurgia no ombro ap\u00f3s autoriza\u00e7\u00e3o de Alexandre de Moraes"},"content":{"rendered":"<div class=\"entry-content\">\n<p><img src=\"https:\/\/www.correiodascidades.com.br\/v1\/wp-content\/uploads\/2026\/05\/Bolsonaro-e-internado-em-Brasilia-para-cirurgia-no-ombro-apos-autorizacao-de-Alexandre-de-Moraes.jpeg\" \/><\/p>\n<p>O ex-presidente Jair Bolsonaro (PL) foi internado nesta sexta-feira (1\u00b0) no hospital DF Star, em Bras\u00edlia, ap\u00f3s autoriza\u00e7\u00e3o do ministro do Supremo Tribunal Federal (STF), Alexandre de Moraes. Segundo o g1, o pol\u00edtico, condenado a 27 anos e 3 meses de pris\u00e3o, ser\u00e1 submetido a uma cirurgia no ombro para repara\u00e7\u00e3o do manguito rotador e de les\u00f5es associadas. Conforme o ortopedista Alexandre Firmino, respons\u00e1vel pelo acompanhamento m\u00e9dico, exames pr\u00e9-operat\u00f3rios foram realizados para garantir a seguran\u00e7a do procedimento, previsto para ocorrer por volta das 10h.<\/p>\n<div class=\"97fe35296bbe27b9b7132aa16cc1d2c0\" data-index=\"2\"><\/div>\n<\/div>\n<p><!--more--><\/p>\n<div class=\"97fe35296bbe27b9b7132aa16cc1d2c0\" data-index=\"2\">\n<div id=\"video_alright\"><\/div>\n<\/div>\n<p>A ex-primeira-dama Michelle Bolsonaro informou, por meio de rede social, que acompanhava o ex-presidente no deslocamento at\u00e9 o hospital na manh\u00e3 desta sexta-feira. No \u00faltimo dia 24 de abril, a Procuradoria-Geral da Rep\u00fablica (PGR) manifestou-se favor\u00e1vel ao pedido da defesa de Bolsonaro para libera\u00e7\u00e3o do procedimento cir\u00fargico. Inicialmente, os advogados solicitaram que a cirurgia fosse realizada entre os dias 24 e 25 de abril, mas a autoriza\u00e7\u00e3o judicial foi concedida posteriormente. Bolsonaro foi condenado por tentativa de golpe e cumpre pris\u00e3o domiciliar humanit\u00e1ria tempor\u00e1ria desde 27 de mar\u00e7o.<\/p>\n<p>O benef\u00edcio, com prazo inicial de 90 dias, foi concedido por decis\u00e3o de Alexandre de Moraes, em raz\u00e3o das condi\u00e7\u00f5es de sa\u00fade do ex-presidente. De acordo com a equipe m\u00e9dica, durante sess\u00e3o de fisioterapia pr\u00e9-operat\u00f3ria realizada na \u00faltima segunda-feira (27), o ex-presidente apresentou evolu\u00e7\u00e3o satisfat\u00f3ria, atingindo os objetivos terap\u00eauticos previstos. Ap\u00f3s o procedimento, O ex-presidente condenado dever\u00e1 passar por nova avalia\u00e7\u00e3o m\u00e9dica e seguir acompanhamento fisioterap\u00eautico na fase p\u00f3s-operat\u00f3ria, conforme a evolu\u00e7\u00e3o cl\u00ednica.<\/p>\n<div class=\"row publicidade\">\n<div class=\"widget_text widget-menu col-md-12\">\n<div class=\"textwidget custom-html-widget\"><\/div>\n<\/div>\n<\/div>\n","protected":false},"excerpt":{"rendered":"<p>O ex-presidente Jair Bolsonaro (PL) foi internado nesta sexta-feira (1\u00b0) no hospital DF Star, em Bras\u00edlia, ap\u00f3s autoriza\u00e7\u00e3o do ministro do Supremo Tribunal Federal (STF), Alexandre de Moraes. Segundo o g1, o pol\u00edtico, condenado a 27 anos e 3 meses de pris\u00e3o, ser\u00e1 submetido a uma cirurgia no ombro para repara\u00e7\u00e3o do manguito rotador e [&hellip;]<\/p>\n","protected":false},"author":3,"featured_media":21662,"comment_status":"closed","ping_status":"closed","sticky":false,"template":"","format":"standard","meta":{"_links_to":"","_links_to_target":""},"categories":[1],"tags":[],"_links":{"self":[{"href":"https:\/\/www.correiodascidades.com.br\/v1\/wp-json\/wp\/v2\/posts\/21661"}],"collection":[{"href":"https:\/\/www.correiodascidades.com.br\/v1\/wp-json\/wp\/v2\/posts"}],"about":[{"href":"https:\/\/www.correiodascidades.com.br\/v1\/wp-json\/wp\/v2\/types\/post"}],"author":[{"embeddable":true,"href":"https:\/\/www.correiodascidades.com.br\/v1\/wp-json\/wp\/v2\/users\/3"}],"replies":[{"embeddable":true,"href":"https:\/\/www.correiodascidades.com.br\/v1\/wp-json\/wp\/v2\/comments?post=21661"}],"version-history":[{"count":1,"href":"https:\/\/www.correiodascidades.com.br\/v1\/wp-json\/wp\/v2\/posts\/21661\/revisions"}],"predecessor-version":[{"id":21663,"href":"https:\/\/www.correiodascidades.com.br\/v1\/wp-json\/wp\/v2\/posts\/21661\/revisions\/21663"}],"wp:featuredmedia":[{"embeddable":true,"href":"https:\/\/www.correiodascidades.com.br\/v1\/wp-json\/wp\/v2\/media\/21662"}],"wp:attachment":[{"href":"https:\/\/www.correiodascidades.com.br\/v1\/wp-json\/wp\/v2\/media?parent=21661"}],"wp:term":[{"taxonomy":"category","embeddable":true,"href":"https:\/\/www.correiodascidades.com.br\/v1\/wp-json\/wp\/v2\/categories?post=21661"},{"taxonomy":"post_tag","embeddable":true,"href":"https:\/\/www.correiodascidades.com.br\/v1\/wp-json\/wp\/v2\/tags?post=21661"}],"curies":[{"name":"wp","href":"https:\/\/api.w.org\/{rel}","templated":true}]}}