{"id":21681,"date":"2026-05-03T01:13:30","date_gmt":"2026-05-03T04:13:30","guid":{"rendered":"https:\/\/www.correiodascidades.com.br\/v1\/?p=21681"},"modified":"2026-05-03T01:13:30","modified_gmt":"2026-05-03T04:13:30","slug":"cantor-de-pagode-kinho-do-rodo-morre-apos-passar-mal-na-bahia","status":"publish","type":"post","link":"https:\/\/www.correiodascidades.com.br\/v1\/2026\/05\/03\/cantor-de-pagode-kinho-do-rodo-morre-apos-passar-mal-na-bahia\/","title":{"rendered":"Cantor de pagode Kinho do Rodo morre ap\u00f3s passar mal na Bahia"},"content":{"rendered":"<div class=\"flex flex-col w-full font-normal text-[18px] leading-[30px] text-tw-theme-text-default\">\n<p><img src=\"https:\/\/www.correiodascidades.com.br\/v1\/wp-content\/uploads\/2026\/05\/kinho-do-rodo-3247954-article.jpeg\" \/><\/p>\n<p id=\"paragrafo-vksems4b1f\">O cantor Marcos Santos Neves, conhecido no meio art\u00edstico como Kinho do Rodo, morreu na madrugada deste s\u00e1bado (2), ap\u00f3s passar mal na Bahia. A informa\u00e7\u00e3o foi confirmada pela equipe do artista por meio das redes sociais.<\/p>\n<\/div>\n<div class=\"article_mrec_destaque sticky\">\n<div id=\"internas_336x280_01\" data-google-query-id=\"CPzohe2fnJQDFXWDYQYdgjkmzw\">\n<div id=\"google_ads_iframe_\/44585206\/d_c24h_internas_336x280_0__container__\">Segundo a assessoria, Kinho estava sentado no sof\u00e1 da casa de um amigo quando come\u00e7ou a sentir uma forte dor no peito. A morte foi confirmada por volta das 1h30.<\/div>\n<\/div>\n<\/div>\n<p><!--more--><\/p>\n<div class=\"btn-google-discover\">\n<div>\n<div><\/div>\n<\/div>\n<\/div>\n<div class=\"flex flex-col w-full\">\n<div id=\"galeria-simples-by8qyo2im4\" class=\"component--galeria simples\">\n<div class=\"wrapper\">\n<div class=\"gallery-slider\">Ainda de acordo com a equipe, h\u00e1 suspeita de que a causa possa ter sido um infarto, mas a confirma\u00e7\u00e3o depende do laudo do Instituto M\u00e9dico Legal. \u201cExistem especula\u00e7\u00f5es que pode ter sido um infarto, mas iremos esperar o laudo do IML para dar a certeza para os amigos e f\u00e3s\u201d, informou.<\/div>\n<\/div>\n<\/div>\n<\/div>\n<div class=\"flex flex-col w-full font-normal text-[18px] leading-[30px] text-tw-theme-text-default\">\n<p id=\"paragrafo-y0s09vjtan\">Kinho do Rodo ganhou proje\u00e7\u00e3o ao comandar o grupo O Rodo da Bahia, tornando-se um nome conhecido no cen\u00e1rio do pagode. Nas redes sociais, reunia mais de 210 mil seguidores.<\/p>\n<\/div>\n","protected":false},"excerpt":{"rendered":"<p>O cantor Marcos Santos Neves, conhecido no meio art\u00edstico como Kinho do Rodo, morreu na madrugada deste s\u00e1bado (2), ap\u00f3s passar mal na Bahia. A informa\u00e7\u00e3o foi confirmada pela equipe do artista por meio das redes sociais. Segundo a assessoria, Kinho estava sentado no sof\u00e1 da casa de um amigo quando come\u00e7ou a sentir uma [&hellip;]<\/p>\n","protected":false},"author":3,"featured_media":21682,"comment_status":"closed","ping_status":"closed","sticky":false,"template":"","format":"standard","meta":{"_links_to":"","_links_to_target":""},"categories":[1],"tags":[],"_links":{"self":[{"href":"https:\/\/www.correiodascidades.com.br\/v1\/wp-json\/wp\/v2\/posts\/21681"}],"collection":[{"href":"https:\/\/www.correiodascidades.com.br\/v1\/wp-json\/wp\/v2\/posts"}],"about":[{"href":"https:\/\/www.correiodascidades.com.br\/v1\/wp-json\/wp\/v2\/types\/post"}],"author":[{"embeddable":true,"href":"https:\/\/www.correiodascidades.com.br\/v1\/wp-json\/wp\/v2\/users\/3"}],"replies":[{"embeddable":true,"href":"https:\/\/www.correiodascidades.com.br\/v1\/wp-json\/wp\/v2\/comments?post=21681"}],"version-history":[{"count":1,"href":"https:\/\/www.correiodascidades.com.br\/v1\/wp-json\/wp\/v2\/posts\/21681\/revisions"}],"predecessor-version":[{"id":21683,"href":"https:\/\/www.correiodascidades.com.br\/v1\/wp-json\/wp\/v2\/posts\/21681\/revisions\/21683"}],"wp:featuredmedia":[{"embeddable":true,"href":"https:\/\/www.correiodascidades.com.br\/v1\/wp-json\/wp\/v2\/media\/21682"}],"wp:attachment":[{"href":"https:\/\/www.correiodascidades.com.br\/v1\/wp-json\/wp\/v2\/media?parent=21681"}],"wp:term":[{"taxonomy":"category","embeddable":true,"href":"https:\/\/www.correiodascidades.com.br\/v1\/wp-json\/wp\/v2\/categories?post=21681"},{"taxonomy":"post_tag","embeddable":true,"href":"https:\/\/www.correiodascidades.com.br\/v1\/wp-json\/wp\/v2\/tags?post=21681"}],"curies":[{"name":"wp","href":"https:\/\/api.w.org\/{rel}","templated":true}]}}