{"id":21694,"date":"2026-05-03T03:48:29","date_gmt":"2026-05-03T06:48:29","guid":{"rendered":"https:\/\/www.correiodascidades.com.br\/v1\/?p=21694"},"modified":"2026-05-03T03:48:29","modified_gmt":"2026-05-03T06:48:29","slug":"vitoria-goleia-o-coritiba-no-barradao-e-sobe-para-a-8a-posicao-na-tabela-do-brasileiro","status":"publish","type":"post","link":"https:\/\/www.correiodascidades.com.br\/v1\/2026\/05\/03\/vitoria-goleia-o-coritiba-no-barradao-e-sobe-para-a-8a-posicao-na-tabela-do-brasileiro\/","title":{"rendered":"Vit\u00f3ria goleia o Coritiba no Barrad\u00e3o e sobe para a 8\u00aa posi\u00e7\u00e3o na tabela do Brasileiro"},"content":{"rendered":"<p><img src=\"https:\/\/www.correiodascidades.com.br\/v1\/wp-content\/uploads\/2026\/05\/erick-vitoria4a1cooritiba.jpeg\" \/><\/p>\n<p><span class=\"dropcap \">O <\/span>Vit\u00f3ria mostrou mais uma vez sua for\u00e7a no Barrad\u00e3o. Na noite deste s\u00e1bado (2), goleou por 4 a 1 o Coritiba, em jogo da 14\u00aa rodada do Brasileiro S\u00e9rie A. Com o triunfo e resultados de momento, o Vit\u00f3ria foi a 18 pontos e subiu para a oitava posi\u00e7\u00e3o. J\u00e1 o Coritiba continua logo acima do Le\u00e3o, na s\u00e9tima posi\u00e7\u00e3o, com 19 pontos. <!--more--><\/p>\n<p>Dois gols foram marcados na etapa inicial por Ren\u00ea e Z\u00e9 V\u00edtor, o primeiro dele pelo rubro-negro, e dois no segundo com Tarzia pela primeira vez no Barrad\u00e3o, e Erick cobrando p\u00eanalti.<\/p>\n<p>Foi o segundo gol de Erick no Brasileiro e o oitavo na temporada disparando na artilharia. O atacante jogou por causa do efeito suspensivo, pois foi apenado com duas partidas de suspens\u00e3o pelo Superior Tribunal de Justi\u00e7a Desportiva.<\/p>\n<p>O Vit\u00f3ria dominou o jogo do in\u00edcio ao fim e poderia ter constru\u00eddo um placar mais el\u00e1stico. Marcou 1 a 0 logo aos 14 minutos. Luan C\u00e2ndido recebeu a bola de Matheuzinho, avan\u00e7ou como lateral e cruzou rasteiro para Ren\u00ea completar.<\/p>\n<p>Aos 25 minutos, Tiago C\u00f3ser parou Ren\u00ea com falta na entrada da \u00e1rea e foi expulso. Na cobran\u00e7a, Erick rolou a bola para Z\u00e9 Vitor acertar um chute rasteiro no canto do goleiro.<\/p>\n<p>Com 2 a 0 e um a mais, o Vit\u00f3ria passou a girar a bola e o Coritiba nos minutos finais apertou a marca\u00e7\u00e3o. Num descuido, Pedro Rocha no acr\u00e9scimo diminuiu de cabe\u00e7a.<\/p>\n<p>Para o segundo tempo, Jair Ventura fez uma troca no vesti\u00e1rio: tirou Matheuzinho, que foi ca\u00e7ado em campo e machucou o tornozelo, colocando argentino Tarzia.<\/p>\n<p>E foi do argentino o terceiro aos 9 minutos. Ap\u00f3s receber a bola de Ren\u00ea, Tarzia partiu em velocidade quase do meio-campo. Na \u00e1rea, finalizou entre as pernas do goleiro.<\/p>\n<p>O placar de 3 a 1 n\u00e3o tirou o apetite ofensivo do rubro-negro. E o quarto gol saiu aos 15 minutos. A bola desviou no bra\u00e7o do zagueiro depois do chute de Ren\u00ea. Erick cobrou o p\u00eanalti e marcou 4 a 1.<\/p>\n<p>O Vit\u00f3ria ainda criou oportunidades para ampliar o placar, enquanto o Coritiba n\u00e3o amea\u00e7ou.<\/p>\n<p>Pelo Campeonato Brasileiro, o Vit\u00f3ria volta a campo no pr\u00f3ximo s\u00e1bado, 9, para enfrentar o Fluminense, \u00e0s 18 horas (de Bras\u00edlia), no Maracan\u00e3, no Rio de Janeiro. Antes, por\u00e9m, ter\u00e1 um jogo decisivo quarta-feira, 6, diante do Cear\u00e1, no Barrad\u00e3o, pelas quartas-de-final da Copa do Nordeste.<\/p>\n<h3>VIT\u00d3RIA 4 X 1 CORITIBA<\/h3>\n<p>Data: 2\/05 \u2013 SAB<br \/>\nLocal: Barrad\u00e3o, Salvador (BA)<br \/>\n\u00c1rbitro: Rafael Rodrigo Klein (RSFIFA), auxiliado<br \/>\nBruno Raphael Pires (GOFIFA) e Tiago Augusto Kappes Diel (RS)<\/p>\n<p><strong>Gols<\/strong>: Ren\u00ea aos 14min, Z\u00e9 V\u00edtor (VIT) aos 27min e Pedro Rocha (CFC) aos 47min do 1\u00ba tempo; Tarzia (VIT) aos 9min, Erick (VITp\u00eanalti) aos 15min<\/p>\n<p>Cart\u00e3o Amarelo: Ren\u00ea, Z\u00e9 Vitor, Matheuzinho (VIT) e Thiago Santos (CFC)<br \/>\nCart\u00e3o Vermelho: Tiago C\u00f3ser (CFC) aos 25min do 1\u00ba tempo<br \/>\nP\u00fablico: 17.848 pagantes<br \/>\nRenda: R$435.475,00<\/p>\n","protected":false},"excerpt":{"rendered":"<p>O Vit\u00f3ria mostrou mais uma vez sua for\u00e7a no Barrad\u00e3o. Na noite deste s\u00e1bado (2), goleou por 4 a 1 o Coritiba, em jogo da 14\u00aa rodada do Brasileiro S\u00e9rie A. Com o triunfo e resultados de momento, o Vit\u00f3ria foi a 18 pontos e subiu para a oitava posi\u00e7\u00e3o. J\u00e1 o Coritiba continua logo [&hellip;]<\/p>\n","protected":false},"author":3,"featured_media":21695,"comment_status":"closed","ping_status":"closed","sticky":false,"template":"","format":"standard","meta":{"_links_to":"","_links_to_target":""},"categories":[1],"tags":[],"_links":{"self":[{"href":"https:\/\/www.correiodascidades.com.br\/v1\/wp-json\/wp\/v2\/posts\/21694"}],"collection":[{"href":"https:\/\/www.correiodascidades.com.br\/v1\/wp-json\/wp\/v2\/posts"}],"about":[{"href":"https:\/\/www.correiodascidades.com.br\/v1\/wp-json\/wp\/v2\/types\/post"}],"author":[{"embeddable":true,"href":"https:\/\/www.correiodascidades.com.br\/v1\/wp-json\/wp\/v2\/users\/3"}],"replies":[{"embeddable":true,"href":"https:\/\/www.correiodascidades.com.br\/v1\/wp-json\/wp\/v2\/comments?post=21694"}],"version-history":[{"count":1,"href":"https:\/\/www.correiodascidades.com.br\/v1\/wp-json\/wp\/v2\/posts\/21694\/revisions"}],"predecessor-version":[{"id":21696,"href":"https:\/\/www.correiodascidades.com.br\/v1\/wp-json\/wp\/v2\/posts\/21694\/revisions\/21696"}],"wp:featuredmedia":[{"embeddable":true,"href":"https:\/\/www.correiodascidades.com.br\/v1\/wp-json\/wp\/v2\/media\/21695"}],"wp:attachment":[{"href":"https:\/\/www.correiodascidades.com.br\/v1\/wp-json\/wp\/v2\/media?parent=21694"}],"wp:term":[{"taxonomy":"category","embeddable":true,"href":"https:\/\/www.correiodascidades.com.br\/v1\/wp-json\/wp\/v2\/categories?post=21694"},{"taxonomy":"post_tag","embeddable":true,"href":"https:\/\/www.correiodascidades.com.br\/v1\/wp-json\/wp\/v2\/tags?post=21694"}],"curies":[{"name":"wp","href":"https:\/\/api.w.org\/{rel}","templated":true}]}}