{"id":21697,"date":"2026-05-03T03:54:20","date_gmt":"2026-05-03T06:54:20","guid":{"rendered":"https:\/\/www.correiodascidades.com.br\/v1\/?p=21697"},"modified":"2026-05-03T03:54:20","modified_gmt":"2026-05-03T06:54:20","slug":"prefeitura-de-ilheus-realiza-limpeza-e-rocagem-no-alto-do-coqueiro","status":"publish","type":"post","link":"https:\/\/www.correiodascidades.com.br\/v1\/2026\/05\/03\/prefeitura-de-ilheus-realiza-limpeza-e-rocagem-no-alto-do-coqueiro\/","title":{"rendered":"Prefeitura de Ilh\u00e9us realiza limpeza e ro\u00e7agem no Alto do Coqueiro"},"content":{"rendered":"<p><img loading=\"lazy\" class=\"\" src=\"https:\/\/www.correiodascidades.com.br\/v1\/wp-content\/uploads\/2026\/05\/WhatsApp-Image-2026-04-30-at-10.25.52.jpeg\" width=\"478\" height=\"851\" \/><\/p>\n<p>Servi\u00e7o melhora as condi\u00e7\u00f5es do espa\u00e7o p\u00fablico e contribui para a seguran\u00e7a da comunidade<\/p>\n<p>A Prefeitura de Ilh\u00e9us, por meio da Secretaria de Servi\u00e7os Urbanos, realizou na quarta-feira (29), servi\u00e7o de limpeza e ro\u00e7agem no Alto do Coqueiro, no bairro Malhado. A a\u00e7\u00e3o atendeu demanda da localidade e integra o cronograma regular de manuten\u00e7\u00e3o urbana.\u00a0 <!--more--><\/p>\n<p>O servi\u00e7o inclui a retirada de vegeta\u00e7\u00e3o e res\u00edduos, o que ajuda a manter o espa\u00e7o mais limpo e organizado. A medida tamb\u00e9m contribui para a seguran\u00e7a, ao melhorar a visibilidade e reduzir riscos \u00e0 popula\u00e7\u00e3o.<\/p>\n<p>As equipes seguem atuando de forma permanente em diferentes pontos da cidade, conforme planejamento da secretaria.<\/p>\n","protected":false},"excerpt":{"rendered":"<p>Servi\u00e7o melhora as condi\u00e7\u00f5es do espa\u00e7o p\u00fablico e contribui para a seguran\u00e7a da comunidade A Prefeitura de Ilh\u00e9us, por meio da Secretaria de Servi\u00e7os Urbanos, realizou na quarta-feira (29), servi\u00e7o de limpeza e ro\u00e7agem no Alto do Coqueiro, no bairro Malhado. A a\u00e7\u00e3o atendeu demanda da localidade e integra o cronograma regular de manuten\u00e7\u00e3o urbana.\u00a0<\/p>\n","protected":false},"author":3,"featured_media":21698,"comment_status":"closed","ping_status":"closed","sticky":false,"template":"","format":"standard","meta":{"_links_to":"","_links_to_target":""},"categories":[1],"tags":[],"_links":{"self":[{"href":"https:\/\/www.correiodascidades.com.br\/v1\/wp-json\/wp\/v2\/posts\/21697"}],"collection":[{"href":"https:\/\/www.correiodascidades.com.br\/v1\/wp-json\/wp\/v2\/posts"}],"about":[{"href":"https:\/\/www.correiodascidades.com.br\/v1\/wp-json\/wp\/v2\/types\/post"}],"author":[{"embeddable":true,"href":"https:\/\/www.correiodascidades.com.br\/v1\/wp-json\/wp\/v2\/users\/3"}],"replies":[{"embeddable":true,"href":"https:\/\/www.correiodascidades.com.br\/v1\/wp-json\/wp\/v2\/comments?post=21697"}],"version-history":[{"count":1,"href":"https:\/\/www.correiodascidades.com.br\/v1\/wp-json\/wp\/v2\/posts\/21697\/revisions"}],"predecessor-version":[{"id":21699,"href":"https:\/\/www.correiodascidades.com.br\/v1\/wp-json\/wp\/v2\/posts\/21697\/revisions\/21699"}],"wp:featuredmedia":[{"embeddable":true,"href":"https:\/\/www.correiodascidades.com.br\/v1\/wp-json\/wp\/v2\/media\/21698"}],"wp:attachment":[{"href":"https:\/\/www.correiodascidades.com.br\/v1\/wp-json\/wp\/v2\/media?parent=21697"}],"wp:term":[{"taxonomy":"category","embeddable":true,"href":"https:\/\/www.correiodascidades.com.br\/v1\/wp-json\/wp\/v2\/categories?post=21697"},{"taxonomy":"post_tag","embeddable":true,"href":"https:\/\/www.correiodascidades.com.br\/v1\/wp-json\/wp\/v2\/tags?post=21697"}],"curies":[{"name":"wp","href":"https:\/\/api.w.org\/{rel}","templated":true}]}}