{"id":21705,"date":"2026-05-03T04:42:21","date_gmt":"2026-05-03T07:42:21","guid":{"rendered":"https:\/\/www.correiodascidades.com.br\/v1\/?p=21705"},"modified":"2026-05-03T04:52:01","modified_gmt":"2026-05-03T07:52:01","slug":"milton-santos-foi-correspondente-e-redator-de-a-tarde","status":"publish","type":"post","link":"https:\/\/www.correiodascidades.com.br\/v1\/2026\/05\/03\/milton-santos-foi-correspondente-e-redator-de-a-tarde\/","title":{"rendered":"Milton Santos foi um dos correspondente do ATARDE da Bahia, se estvisse vivo faria neste domingo 100 anos."},"content":{"rendered":"<h2><img src=\"https:\/\/www.correiodascidades.com.br\/v1\/wp-content\/uploads\/2026\/05\/milton-santos-foi-correspondente-e-redator-de-a-ta0138767600202605021619-ScaleDownProportional-_1_.jpeg\" \/><\/h2>\n<h2>Nascido h\u00e1 100 anos em Brotas de Maca\u00fabas, o intelectual baiano \u00e9 o \u00fanico brasileiro a receber o Pr\u00eamio Vautrin Lud, equivalente ao Nobel de Geografia<\/h2>\n<p>Pouco depois de se formar em Direito pela Universidade Federal da Bahia (Ufba), aos 22 anos, em 1948,\u00a0<a href=\"https:\/\/atarde.com.br\/colunistas\/tempopresente\/biografo-zela-pelos-100-anos-de-milton-1383560\" target=\"_blank\" rel=\"noopener\" data-rel-defined=\"\">Milton Santos<\/a> entrou para a equipe de A TARDE como correspondente na zona cacaueira do Estado.<\/p>\n<p>Dez anos depois, ao concluir o doutorado em Geografia pela Universit\u00e9 de Strasbourg, na Fran\u00e7a, j\u00e1 ocupava h\u00e1 quatro anos o cargo de redator principal do jornal. Nascido em Brotas de Maca\u00fabas, na Chapada Diamantina, em 03 de maio de 1926, o homem que revolucionou a geografia faria 100 anos neste domingo.<\/p>\n<picture><img src=\"https:\/\/cdn.atarde.com.br\/img\/inline\/1380000\/724x0\/milton-santos-foi-correspondente-e-redator-de-a-ta0138767602202605021619-1.webp?fallback=https%3A%2F%2Fcdn.atarde.com.br%2Fimg%2Finline%2F1380000%2Fmilton-santos-foi-correspondente-e-redator-de-a-ta0138767602202605021619.jpg%3Fxid%3D7063903&amp;xid=7063903\" alt=\"Palestra de Milton Santos\" \/><\/picture>\n<p>Milton Santos \u00e9 o \u00fanico intelectual brasileiro a receber o Pr\u00eamio Vautrin Lud, que equivale ao Nobel de Geografia. O feito ocorreu em 1994, trinta depois do tempo em que escreveu para\u00a0A TARDE, de 1949 at\u00e9 1964.<\/p>\n<p>Em paralelo \u00e0 atividade como jornalista, desenvolveu a carreira acad\u00eamica e de pesquisador. Tamb\u00e9m dava aulas de geografia humana na Universidade Cat\u00f3lica de Salvador (Ucsal) e era professor catedr\u00e1tico da mesma disciplina na Ufba, onde criou o Laborat\u00f3rio de Geoci\u00eancias.\u00a0 <picture><img src=\"https:\/\/cdn.atarde.com.br\/img\/inline\/1380000\/724x0\/milton-santos-foi-correspondente-e-redator-de-a-ta0138767603202605021619-1.webp?fallback=https%3A%2F%2Fcdn.atarde.com.br%2Fimg%2Finline%2F1380000%2Fmilton-santos-foi-correspondente-e-redator-de-a-ta0138767603202605021619.jpg%3Fxid%3D7063904&amp;xid=7063904\" alt=\"Cerim\u00f4nia de concess\u00e3o do titulo de Doutor Honoris Causa pela Ufba\" \/><\/picture>\n<p>Nesse intervalo de 15 anos, tamb\u00e9m dirigiu a Imprensa Oficial da Bahia e presidiu a Funda\u00e7\u00e3o Comiss\u00e3o de Planejamento Econ\u00f4mico do Estado. <!--more--><\/p>\n<p>O perfil multitarefa do intelectual baiano tem explica\u00e7\u00e3o no seu esp\u00edrito cr\u00edtico e inquieto, como afirma a professora Maria Encarna\u00e7\u00e3o Beltr\u00e3o Sposito, em artigo publicado no final de abril, no Jornal na Unesp (Universidade Estadual Paulista), em homenagem ao centen\u00e1rio de nascimento de\u00a0<a href=\"https:\/\/atarde.com.br\/agenda-cultural\/de-graca-cineclube-alb-homenageia-milton-santos-1317574\" target=\"_blank\" rel=\"noopener\" data-rel-defined=\"\">Milton Santos.<\/a><\/p>\n<div id=\"denakop-intext-3\" class=\"intext_desktop\" data-google-query-id=\"CKn53-jNnJQDFSs9uQYdxRgs1g\">\n<div id=\"google_ads_iframe_\/21715141650,22666819895\/atarde.com.br\/intext\/bahia_2__container__\">\u201cEsse ge\u00f3grafo tinha, ao mesmo tempo, grande capacidade de absorver o novo e de pensar o futuro. Seu esp\u00edrito cr\u00edtico, vez ou outra ir\u00f4nico, o levaria a leituras severas sobre o presentismo que nos cerca\u201d, escreve a professora.<\/div>\n<\/div>\n<p>No artigo em homenagem ao ge\u00f3grafo, Maria Encarna\u00e7\u00e3o especula como Milton Santos, morto em 2001, lidaria com os tempos p\u00f3s-modernos:<\/p>\n<p>\u201cFaz todo sentido conjecturar como agiria\u00a0<a href=\"https:\/\/atarde.com.br\/cultura\/baiano-milton-santos-sera-homenageado-com-estatua-em-sp-1252253\" target=\"_blank\" rel=\"noopener\" data-rel-defined=\"\">Milton Santos<\/a><a href=\"https:\/\/atarde.com.br\/cultura\/baiano-milton-santos-sera-homenageado-com-estatua-em-sp-1252253\" target=\"_blank\" rel=\"noopener\" data-rel-defined=\"\">,<\/a> com sua vitalidade intelectual e capacidade de observa\u00e7\u00e3o, se estivesse hoje entre n\u00f3s. Escreveria posts nas redes sociais comunicando suas ideias mais recentes? Alcan\u00e7aria milhares ou milh\u00f5es de seguidores no Instagram? Difundiria suas obras em podcasts?\u201d. De uma coisa a professora n\u00e3o tem d\u00favida, ele seria severamente cr\u00edtico \u00e0s Intelig\u00eancias Artificiais e \u00e0 subservi\u00eancia humana a essa ferramenta.<\/p>\n<h2>Jornalista de opini\u00e3o<\/h2>\n<p>A verve cr\u00edtica de Milton Santos e sua capacidade de analisar a realidade pensando sempre al\u00e9m do \u00f3bvio, \u00e9 percept\u00edvel na vasta cole\u00e7\u00e3o de seus textos, preservados nas edi\u00e7\u00f5es hist\u00f3ricas de\u00a0A TARDE\u00a0sob a guarda do Centro de Documenta\u00e7\u00e3o e Mem\u00f3ria (Cedoc) do jornal. Parte desse material tamb\u00e9m foi reunido no livro \u201cMilton Santos: Correspondente do Jornal A Tarde 1950 \u2013 1960\u201d, publicado em 2019, pela Labeur \u2013 IIG.<\/p>\n<p>As reportagens e artigos de Milton para o jornal abordam desde as condi\u00e7\u00f5es clim\u00e1ticas da Bahia at\u00e9 literatura, passando pelas not\u00edcias da zona cacaueira, policultura, desenvolvimento urbano e social, matriz energ\u00e9tica e economia.<\/p>\n<p>Chama a aten\u00e7\u00e3o os artigos sobre a geografia enquanto ci\u00eancia social, j\u00e1 estabelecendo as bases para a disciplina como ela \u00e9 vista na atualidade.<\/p>\n<p>Sobre isso, o tamb\u00e9m jornalista, professor e historiador Cid Teixeira afirmaria sobre Milton Santos, em entrevista concedida ao\u00a0A TARDE\u00a0em 10 de julho de 2002: \u201cMilton Santos \u00e9 o divisor do pensamento geogr\u00e1fico. A geografia, antes dele, era apenas descritiva. Passou a ser interpretativa com Milton. A geografia, hoje, n\u00e3o se limita ao qu\u00ea, mas ao porqu\u00ea. \u00c9 uma geografia que participa das coisas\u201d.<\/p>\n<p>Nos anos 1990, quando j\u00e1 n\u00e3o era redator, correspondente ou articulista do jornal, Milton Santos apareceria muitas vezes nas p\u00e1ginas de\u00a0A TARDE\u00a0como palestrante em semin\u00e1rios sobre urbanismo e desenvolvimento social e como fonte para comentar o ent\u00e3o recente fen\u00f4meno da globaliza\u00e7\u00e3o.<\/p>\n<p>\u201cA cultura oficial brasileira, a dos homens oficialmente cultos do Brasil, nutriu-se, freq\u00fcentemente, de uma vis\u00e3o vesga do mundo. A globaliza\u00e7\u00e3o agrava essa vesguice\u201d, afirmou.<\/p>\n<div class=\"mw-image-info\"><span class=\"mw-image-title\">Palestra de Milton Santos<\/span>\u00a0<span class=\"mw-image-author\">| Foto: Walter Carvalho | Cedoc A TARDE<\/span><\/div>\n<p>Sobre a desarticula\u00e7\u00e3o dos blocos econ\u00f4micos, especificamente, suas palavras s\u00e3o quase prof\u00e9ticas e ele parece ter previsto crises como a que levou ao Brexit, a sa\u00edda da Gr\u00e3-Bretanha da Uni\u00e3o Europeia em 2020.<\/p>\n<p>\u201cExperi\u00eancias econ\u00f4micas como Mercosul, Nafta e at\u00e9 a Comunidade Europeia simplesmente n\u00e3o dar\u00e3o certo. Estamos numa \u00e9poca de valoriza\u00e7\u00e3o da diversidade, nosso horizonte e nosso repert\u00f3rio \u00e9 muito vasto. Qualquer tentativa de reduzir e normatizar esse horizonte est\u00e1 fadada ao fracasso\u201d, analisou, no final da d\u00e9cada de 1990.<\/p>\n<h2>Acad\u00eamico de prest\u00edgio<\/h2>\n<p>Em 1964, ap\u00f3s se exilar do Brasil por conta do golpe que levaria \u00e0 ditadura militar \u2013 ele passou 13 anos fora do pa\u00eds &#8211; Milton Santos iniciaria a carreira acad\u00eamica internacional que, tr\u00eas d\u00e9cadas depois, culminaria no Pr\u00eamio Vautrin Lud, em outras premia\u00e7\u00f5es e medalhas e em pelo menos 12 t\u00edtulos de Doutor Honoris Causa por universidades brasileiras e estrangeiras.<\/p>\n<div class=\"mw-image-info\"><span class=\"mw-image-title\">Cerim\u00f4nia de concess\u00e3o do titulo de Doutor Honoris Causa pela Ufba<\/span>\u00a0<span class=\"mw-image-author\">| Foto: Arlindo F\u00e9lix | Cedoc A TARDE<\/span><\/div>\n<p>Ele, por\u00e9m, n\u00e3o se iludia e costumava afirmar: \u201cO fato de eu ser negro e a exclus\u00e3o correspondente acabam por me conduzir a uma condi\u00e7\u00e3o de permanente vig\u00edlia\u201d.<\/p>\n<p>Milton Santos, filho de dois professores prim\u00e1rios &#8211; Adalgisa Umbelina de Almeida Santos e Francisco Irineu dos Santos \u2013 ambos formados pelo Instituto Central de Educa\u00e7\u00e3o Isaias Alves (ICEIA), onde ele mesmo estudou na adolesc\u00eancia, na sua temporada no exterior deu aulas em universidades de tr\u00eas continentes.<\/p>\n<p>Na Europa, lecionou na Fran\u00e7a e It\u00e1lia; na \u00c1frica, ensinou na Tanz\u00e2nia; e, nas Am\u00e9ricas do Norte e do Sul, foi professor nos EUA, Canad\u00e1, Peru e Venezuela.<\/p>\n<p>O curr\u00edculo do intelectual, atualizado em junho de 2001, no mesmo m\u00eas em que ele morreu, aos 75 anos, no feriado de S\u00e3o Jo\u00e3o, tem 87 p\u00e1ginas. Todas as forma\u00e7\u00f5es, atividades p\u00fablicas, reconhecimentos em t\u00edtulos e premia\u00e7\u00f5es podem ser consultados na internet, no site\u00a0<a href=\"https:\/\/miltonsantos.com.br\/\" target=\"_blank\" rel=\"noopener\" data-rel-defined=\"\">miltonsantos.com.br.<\/a><\/p>\n<p>\u00c9 impressionante, mas digno de um pensador que formulou ao menos dois sistemas te\u00f3ricos completos, a Teoria dos dois circuitos da economia urbana e a Natureza do espa\u00e7o. O curr\u00edculo traz ainda a vasta bibliografia do intelectual, composta por 50 livros, al\u00e9m da participa\u00e7\u00e3o em pelo menos mais 58 colet\u00e2neas.<\/p>\n<p>Em Salvador, depois de campanha acirrada e quase 21 anos ap\u00f3s a morte de Milton Santos, seu nome batizou a avenida em Ondina onde est\u00e1 situado o maior campus da Ufba.<\/p>\n<p>A\u00a0<a href=\"https:\/\/atarde.com.br\/bahia\/bahiasalvador\/bruno-reis-sanciona-nome-da-avenida-milton-santos-em-ondina-1187900\" target=\"_blank\" rel=\"noopener\" data-rel-defined=\"\">prefeitura sancionou a lei que alterava o antigo nome da via<\/a>\u00a0em 2022. O an\u00fancio foi feito pelo prefeito Bruno Reis no dia 22 de fevereiro daquele ano, nas redes sociais.<\/p>\n<p>\u201cA Av. Adhemar de Barros agora passar\u00e1 a se chamar Av. Milton Santos, que era baiano e um dos maiores ge\u00f3grafos da nossa terra. Ele \u00e9 um dos intelectuais mais renomados do Brasil e contribuiu muito para a forma\u00e7\u00e3o sociopol\u00edtica do nosso pa\u00eds&#8221;, escreveu Reis, na ocasi\u00e3o.<\/p>\n<p>Para a professora Maria Encarna\u00e7\u00e3o Sposito, mais uma vez citando o artigo em homenagem ao intelectual, lembrar Milton Santos no seu centen\u00e1rio \u00e9 um tributo da sociedade a um pensador genial e inspirador.<\/p>\n<p>\u201cEra genial porque, tendo se graduado em Direito, destacou-se no Brasil e no exterior pela Geografia que produziu. Suas ideias transcenderam este campo de trabalho e s\u00e3o lidas por pesquisadores de v\u00e1rias disciplinas, viajando al\u00e9m da seara acad\u00eamico-cient\u00edfica para inspirar pol\u00edticos, movimentos sociais e artistas de vanguarda\u201d.<\/p>\n<p>*Jornalista, Editora e Curadora do Cedoc A TARDE<\/p>\n<p>*Com a colabora\u00e7\u00e3o de Rubem Coelho e Valdir Ferreira na pesquisa em acervo<\/p>\n<p>Atarde da Bahia<\/p>\n<div id=\"denakop-intext-2\" class=\"intext_desktop\" data-google-query-id=\"CKj53-jNnJQDFSs9uQYdxRgs1g\"><\/div>\n","protected":false},"excerpt":{"rendered":"<p>Nascido h\u00e1 100 anos em Brotas de Maca\u00fabas, o intelectual baiano \u00e9 o \u00fanico brasileiro a receber o Pr\u00eamio Vautrin Lud, equivalente ao Nobel de Geografia Pouco depois de se formar em Direito pela Universidade Federal da Bahia (Ufba), aos 22 anos, em 1948,\u00a0Milton Santos entrou para a equipe de A TARDE como correspondente na [&hellip;]<\/p>\n","protected":false},"author":3,"featured_media":21706,"comment_status":"closed","ping_status":"closed","sticky":false,"template":"","format":"standard","meta":{"_links_to":"","_links_to_target":""},"categories":[1],"tags":[],"_links":{"self":[{"href":"https:\/\/www.correiodascidades.com.br\/v1\/wp-json\/wp\/v2\/posts\/21705"}],"collection":[{"href":"https:\/\/www.correiodascidades.com.br\/v1\/wp-json\/wp\/v2\/posts"}],"about":[{"href":"https:\/\/www.correiodascidades.com.br\/v1\/wp-json\/wp\/v2\/types\/post"}],"author":[{"embeddable":true,"href":"https:\/\/www.correiodascidades.com.br\/v1\/wp-json\/wp\/v2\/users\/3"}],"replies":[{"embeddable":true,"href":"https:\/\/www.correiodascidades.com.br\/v1\/wp-json\/wp\/v2\/comments?post=21705"}],"version-history":[{"count":4,"href":"https:\/\/www.correiodascidades.com.br\/v1\/wp-json\/wp\/v2\/posts\/21705\/revisions"}],"predecessor-version":[{"id":21712,"href":"https:\/\/www.correiodascidades.com.br\/v1\/wp-json\/wp\/v2\/posts\/21705\/revisions\/21712"}],"wp:featuredmedia":[{"embeddable":true,"href":"https:\/\/www.correiodascidades.com.br\/v1\/wp-json\/wp\/v2\/media\/21706"}],"wp:attachment":[{"href":"https:\/\/www.correiodascidades.com.br\/v1\/wp-json\/wp\/v2\/media?parent=21705"}],"wp:term":[{"taxonomy":"category","embeddable":true,"href":"https:\/\/www.correiodascidades.com.br\/v1\/wp-json\/wp\/v2\/categories?post=21705"},{"taxonomy":"post_tag","embeddable":true,"href":"https:\/\/www.correiodascidades.com.br\/v1\/wp-json\/wp\/v2\/tags?post=21705"}],"curies":[{"name":"wp","href":"https:\/\/api.w.org\/{rel}","templated":true}]}}