{"id":21714,"date":"2026-05-03T05:02:15","date_gmt":"2026-05-03T08:02:15","guid":{"rendered":"https:\/\/www.correiodascidades.com.br\/v1\/?p=21714"},"modified":"2026-05-03T05:02:15","modified_gmt":"2026-05-03T08:02:15","slug":"casal-e-preso-por-estupro-de-vulneravel-em-bom-jesus-da-lapa","status":"publish","type":"post","link":"https:\/\/www.correiodascidades.com.br\/v1\/2026\/05\/03\/casal-e-preso-por-estupro-de-vulneravel-em-bom-jesus-da-lapa\/","title":{"rendered":"Casal \u00e9 preso por estupro de vulner\u00e1vel em Bom Jesus da Lapa"},"content":{"rendered":"<div id=\"block-bagov-base-titulodapagina\" class=\"block block-core block-page-title-block\">\n<h1><img loading=\"lazy\" class=\"\" src=\"https:\/\/www.correiodascidades.com.br\/v1\/wp-content\/uploads\/2026\/05\/3f4f1511-e63b-4f93-b2ee-7f1d2eef9462_0.jpeg\" width=\"650\" height=\"433\" \/><\/h1>\n<h1 class=\"field--name-title\"><span style=\"font-size: 16px;\">Um homem de 29 anos e uma mulher de 35 foram presos, na quarta-feira (29), suspeitos do crime de estupro de vulner\u00e1vel, na zona rural de Bom Jesus da Lapa. De acordo com as investiga\u00e7\u00f5es, o homem, que era padrasto da crian\u00e7a, abusava sexualmente dela com o consentimento da m\u00e3e.\u00a0\u00a0<\/span><\/h1>\n<\/div>\n<p><!--more--><\/p>\n<article class=\"node node--type-noticia node--view-mode-full\" data-history-node-id=\"24903\">\n<div class=\"node__content\">\n<div class=\"clearfix text-formatted field field--name-body field--type-text-with-summary field--label-hidden field__item\">\n<p>A a\u00e7\u00e3o foi realizada por equipes da 1\u00aa Delegacia Territorial (DT\/Bom Jesus da Lapa), em cumprimento a mandado de pris\u00e3o expedido pelo Poder Judici\u00e1rio da comarca do munic\u00edpio. O crime foi registrado no dia 7 de abril deste ano. O casal foi conduzido \u00e0 unidade policial e segue custodiado \u00e0 disposi\u00e7\u00e3o da Justi\u00e7a.<\/p>\n<\/div>\n<\/div>\n<\/article>\n","protected":false},"excerpt":{"rendered":"<p>Um homem de 29 anos e uma mulher de 35 foram presos, na quarta-feira (29), suspeitos do crime de estupro de vulner\u00e1vel, na zona rural de Bom Jesus da Lapa. De acordo com as investiga\u00e7\u00f5es, o homem, que era padrasto da crian\u00e7a, abusava sexualmente dela com o consentimento da m\u00e3e.\u00a0\u00a0<\/p>\n","protected":false},"author":3,"featured_media":21715,"comment_status":"closed","ping_status":"closed","sticky":false,"template":"","format":"standard","meta":{"_links_to":"","_links_to_target":""},"categories":[1],"tags":[],"_links":{"self":[{"href":"https:\/\/www.correiodascidades.com.br\/v1\/wp-json\/wp\/v2\/posts\/21714"}],"collection":[{"href":"https:\/\/www.correiodascidades.com.br\/v1\/wp-json\/wp\/v2\/posts"}],"about":[{"href":"https:\/\/www.correiodascidades.com.br\/v1\/wp-json\/wp\/v2\/types\/post"}],"author":[{"embeddable":true,"href":"https:\/\/www.correiodascidades.com.br\/v1\/wp-json\/wp\/v2\/users\/3"}],"replies":[{"embeddable":true,"href":"https:\/\/www.correiodascidades.com.br\/v1\/wp-json\/wp\/v2\/comments?post=21714"}],"version-history":[{"count":1,"href":"https:\/\/www.correiodascidades.com.br\/v1\/wp-json\/wp\/v2\/posts\/21714\/revisions"}],"predecessor-version":[{"id":21716,"href":"https:\/\/www.correiodascidades.com.br\/v1\/wp-json\/wp\/v2\/posts\/21714\/revisions\/21716"}],"wp:featuredmedia":[{"embeddable":true,"href":"https:\/\/www.correiodascidades.com.br\/v1\/wp-json\/wp\/v2\/media\/21715"}],"wp:attachment":[{"href":"https:\/\/www.correiodascidades.com.br\/v1\/wp-json\/wp\/v2\/media?parent=21714"}],"wp:term":[{"taxonomy":"category","embeddable":true,"href":"https:\/\/www.correiodascidades.com.br\/v1\/wp-json\/wp\/v2\/categories?post=21714"},{"taxonomy":"post_tag","embeddable":true,"href":"https:\/\/www.correiodascidades.com.br\/v1\/wp-json\/wp\/v2\/tags?post=21714"}],"curies":[{"name":"wp","href":"https:\/\/api.w.org\/{rel}","templated":true}]}}