{"id":21717,"date":"2026-05-03T05:11:39","date_gmt":"2026-05-03T08:11:39","guid":{"rendered":"https:\/\/www.correiodascidades.com.br\/v1\/?p=21717"},"modified":"2026-05-03T05:11:47","modified_gmt":"2026-05-03T08:11:47","slug":"mpba-realizou-servicos-gratuitos-a-populacao-de-ilheus","status":"publish","type":"post","link":"https:\/\/www.correiodascidades.com.br\/v1\/2026\/05\/03\/mpba-realizou-servicos-gratuitos-a-populacao-de-ilheus\/","title":{"rendered":"MPBA realizou servi\u00e7os gratuitos \u00e0 popula\u00e7\u00e3o de Ilh\u00e9us"},"content":{"rendered":"<p><img loading=\"lazy\" class=\"\" src=\"https:\/\/www.correiodascidades.com.br\/v1\/wp-content\/uploads\/2026\/05\/whatsapp_image_2026-04-30_at_19.15.44_3.jpeg\" width=\"526\" height=\"374\" \/><\/p>\n<p>O Minist\u00e9rio P\u00fablico do Estado da Bahia (MPBA) esteve \u00a0no s\u00e1bado, dias 24 e 25, em Ilh\u00e9us, oferecendo atendimentos gratuitos e especializados \u00e0 popula\u00e7\u00e3o. Os moradores da regi\u00e3o tiveram acesso aos servi\u00e7os prestados pelos projetos \u201cPaternidade Respons\u00e1vel\u201d, com realiza\u00e7\u00e3o de reconhecimentos espont\u00e2neos de paternidade, exames de DNA e acordos de alimentos, e \u201cViver com Cidadania\u201d, que viabilizou a emiss\u00e3o de segundas via das certid\u00f5es de nascimento, casamento e \u00f3bito. <!--more--><\/p>\n<p>A a\u00e7\u00e3o do MPBA integrou o Projeto Periferia de Direitos, coordenado pela Secretaria de Rela\u00e7\u00f5es Institucionais do Estado da Bahia (Serin), e foi realizado no Caminho Um, em frente \u00e0 Central da Urbis. A participa\u00e7\u00e3o do Minist\u00e9rio P\u00fablico aconteceu por meio do Centro de Apoio Operacional \u00e0s Promotorias de Justi\u00e7a C\u00edveis e Funda\u00e7\u00f5es (Caocif), que garantiu o atendimento direto \u00e0 popula\u00e7\u00e3o na unidade m\u00f3vel instalada no local durante os dois dias de atividades.<\/p>\n<p>Os atendimentos foram realizados por promotores de Justi\u00e7a e servidores da comarca de Ilh\u00e9us, com o apoio t\u00e9cnico de servidores do Caocif. Al\u00e9m dos servi\u00e7os previamente definidos. Outras demandas de natureza c\u00edvel e de fam\u00edlia tamb\u00e9m foram dispon\u00edveis a popula\u00e7\u00e3o.<\/p>\n<p>&nbsp;<\/p>\n","protected":false},"excerpt":{"rendered":"<p>O Minist\u00e9rio P\u00fablico do Estado da Bahia (MPBA) esteve \u00a0no s\u00e1bado, dias 24 e 25, em Ilh\u00e9us, oferecendo atendimentos gratuitos e especializados \u00e0 popula\u00e7\u00e3o. Os moradores da regi\u00e3o tiveram acesso aos servi\u00e7os prestados pelos projetos \u201cPaternidade Respons\u00e1vel\u201d, com realiza\u00e7\u00e3o de reconhecimentos espont\u00e2neos de paternidade, exames de DNA e acordos de alimentos, e \u201cViver com Cidadania\u201d, [&hellip;]<\/p>\n","protected":false},"author":3,"featured_media":21718,"comment_status":"closed","ping_status":"closed","sticky":false,"template":"","format":"standard","meta":{"_links_to":"","_links_to_target":""},"categories":[1],"tags":[],"_links":{"self":[{"href":"https:\/\/www.correiodascidades.com.br\/v1\/wp-json\/wp\/v2\/posts\/21717"}],"collection":[{"href":"https:\/\/www.correiodascidades.com.br\/v1\/wp-json\/wp\/v2\/posts"}],"about":[{"href":"https:\/\/www.correiodascidades.com.br\/v1\/wp-json\/wp\/v2\/types\/post"}],"author":[{"embeddable":true,"href":"https:\/\/www.correiodascidades.com.br\/v1\/wp-json\/wp\/v2\/users\/3"}],"replies":[{"embeddable":true,"href":"https:\/\/www.correiodascidades.com.br\/v1\/wp-json\/wp\/v2\/comments?post=21717"}],"version-history":[{"count":1,"href":"https:\/\/www.correiodascidades.com.br\/v1\/wp-json\/wp\/v2\/posts\/21717\/revisions"}],"predecessor-version":[{"id":21719,"href":"https:\/\/www.correiodascidades.com.br\/v1\/wp-json\/wp\/v2\/posts\/21717\/revisions\/21719"}],"wp:featuredmedia":[{"embeddable":true,"href":"https:\/\/www.correiodascidades.com.br\/v1\/wp-json\/wp\/v2\/media\/21718"}],"wp:attachment":[{"href":"https:\/\/www.correiodascidades.com.br\/v1\/wp-json\/wp\/v2\/media?parent=21717"}],"wp:term":[{"taxonomy":"category","embeddable":true,"href":"https:\/\/www.correiodascidades.com.br\/v1\/wp-json\/wp\/v2\/categories?post=21717"},{"taxonomy":"post_tag","embeddable":true,"href":"https:\/\/www.correiodascidades.com.br\/v1\/wp-json\/wp\/v2\/tags?post=21717"}],"curies":[{"name":"wp","href":"https:\/\/api.w.org\/{rel}","templated":true}]}}