{"id":2188,"date":"2022-12-24T02:33:24","date_gmt":"2022-12-24T05:33:24","guid":{"rendered":"https:\/\/www.correiodascidades.com.br\/v1\/?p=2188"},"modified":"2022-12-24T02:33:24","modified_gmt":"2022-12-24T05:33:24","slug":"acidente-na-ba-250-trecho-entre-o-entroncamento-de-jaguaquara-e-itirucu-deixa-feridos","status":"publish","type":"post","link":"https:\/\/www.correiodascidades.com.br\/v1\/2022\/12\/24\/acidente-na-ba-250-trecho-entre-o-entroncamento-de-jaguaquara-e-itirucu-deixa-feridos\/","title":{"rendered":"Acidente na BA-250, trecho entre o Entroncamento de Jaguaquara e Itiru\u00e7u deixa feridos"},"content":{"rendered":"<p><img loading=\"lazy\" class=\"\" src=\"https:\/\/www.correiodascidades.com.br\/v1\/wp-content\/uploads\/2022\/12\/acidente-carro-1.jpg\" width=\"599\" height=\"317\" \/><\/p>\n<p><strong>Os envolvidos s\u00e3o moradores de Itiru\u00e7u.<\/strong><\/p>\n<p>Um acidente deixou feridos na BA-250, trecho entre o Entroncamento de Jaguaquara e Itiru\u00e7u, nesta sexta-feira (23).<\/p>\n<p>Uma equipe m\u00e9dica do SAMU esteve no local e socorreu as v\u00edtimas.<!--more--><\/p>\n<p>Os envolvidos s\u00e3o moradores de Itiru\u00e7u. At\u00e9 o momento, n\u00e3o h\u00e1 informa\u00e7\u00e3o de v\u00edtimas fatais.<\/p>\n","protected":false},"excerpt":{"rendered":"<p>Os envolvidos s\u00e3o moradores de Itiru\u00e7u. Um acidente deixou feridos na BA-250, trecho entre o Entroncamento de Jaguaquara e Itiru\u00e7u, nesta sexta-feira (23). Uma equipe m\u00e9dica do SAMU esteve no local e socorreu as v\u00edtimas.<\/p>\n","protected":false},"author":3,"featured_media":2189,"comment_status":"closed","ping_status":"closed","sticky":false,"template":"","format":"standard","meta":{"_links_to":"","_links_to_target":""},"categories":[1],"tags":[],"_links":{"self":[{"href":"https:\/\/www.correiodascidades.com.br\/v1\/wp-json\/wp\/v2\/posts\/2188"}],"collection":[{"href":"https:\/\/www.correiodascidades.com.br\/v1\/wp-json\/wp\/v2\/posts"}],"about":[{"href":"https:\/\/www.correiodascidades.com.br\/v1\/wp-json\/wp\/v2\/types\/post"}],"author":[{"embeddable":true,"href":"https:\/\/www.correiodascidades.com.br\/v1\/wp-json\/wp\/v2\/users\/3"}],"replies":[{"embeddable":true,"href":"https:\/\/www.correiodascidades.com.br\/v1\/wp-json\/wp\/v2\/comments?post=2188"}],"version-history":[{"count":1,"href":"https:\/\/www.correiodascidades.com.br\/v1\/wp-json\/wp\/v2\/posts\/2188\/revisions"}],"predecessor-version":[{"id":2190,"href":"https:\/\/www.correiodascidades.com.br\/v1\/wp-json\/wp\/v2\/posts\/2188\/revisions\/2190"}],"wp:featuredmedia":[{"embeddable":true,"href":"https:\/\/www.correiodascidades.com.br\/v1\/wp-json\/wp\/v2\/media\/2189"}],"wp:attachment":[{"href":"https:\/\/www.correiodascidades.com.br\/v1\/wp-json\/wp\/v2\/media?parent=2188"}],"wp:term":[{"taxonomy":"category","embeddable":true,"href":"https:\/\/www.correiodascidades.com.br\/v1\/wp-json\/wp\/v2\/categories?post=2188"},{"taxonomy":"post_tag","embeddable":true,"href":"https:\/\/www.correiodascidades.com.br\/v1\/wp-json\/wp\/v2\/tags?post=2188"}],"curies":[{"name":"wp","href":"https:\/\/api.w.org\/{rel}","templated":true}]}}