{"id":2194,"date":"2022-12-24T20:06:09","date_gmt":"2022-12-24T23:06:09","guid":{"rendered":"https:\/\/www.correiodascidades.com.br\/v1\/?p=2194"},"modified":"2022-12-24T20:06:09","modified_gmt":"2022-12-24T23:06:09","slug":"caldeira-explode-em-unidade-da-petrobras-em-candeias","status":"publish","type":"post","link":"https:\/\/www.correiodascidades.com.br\/v1\/2022\/12\/24\/caldeira-explode-em-unidade-da-petrobras-em-candeias\/","title":{"rendered":"Caldeira explode em unidade da Petrobras em Candeias"},"content":{"rendered":"<p><img loading=\"lazy\" class=\"\" src=\"https:\/\/www.correiodascidades.com.br\/v1\/wp-content\/uploads\/2022\/12\/tanque-petrobras.jpg\" width=\"532\" height=\"299\" \/><\/p>\n<p>Uma caldeira da unidade de biocombust\u00edveis da Petrobras em Candeias, na Regi\u00e3o Metropolitana de Salvador, explodiu na manh\u00e3 desta sexta-feira (23), resultando na parada de produ\u00e7\u00e3o da f\u00e1brica. De acordo com o Sindipetro, ningu\u00e9m ficou ferido e a \u00e1rea est\u00e1 isolada.<!--more--><\/p>\n<p>Segundo o sindicato, a caldeira vinha sofrendo constantes contamina\u00e7\u00f5es com produtos qu\u00edmicos do processo produtivo fragilizando os tubos internos, o que pode ter sido a causa da ruptura e consequente explos\u00e3o que foi sentida nas comunidades do entorno. A sala dos pain\u00e9is el\u00e9tricos da caldeira chegou a ser inundada.<\/p>\n<p>Informa\u00e7\u00f5es obtidas pela Sindipetro afirmam que a ger\u00eancia geral e ger\u00eancia de produ\u00e7\u00e3o tinham ci\u00eancia das frequentes contamina\u00e7\u00f5es devido \u00e0s inspe\u00e7\u00f5es e limpezas realizadas nos tubos da caldeira, mas n\u00e3o tomaram nenhuma provid\u00eancia para corrigir o problema.<\/p>\n","protected":false},"excerpt":{"rendered":"<p>Uma caldeira da unidade de biocombust\u00edveis da Petrobras em Candeias, na Regi\u00e3o Metropolitana de Salvador, explodiu na manh\u00e3 desta sexta-feira (23), resultando na parada de produ\u00e7\u00e3o da f\u00e1brica. De acordo com o Sindipetro, ningu\u00e9m ficou ferido e a \u00e1rea est\u00e1 isolada.<\/p>\n","protected":false},"author":3,"featured_media":2195,"comment_status":"closed","ping_status":"closed","sticky":false,"template":"","format":"standard","meta":{"_links_to":"","_links_to_target":""},"categories":[1],"tags":[],"_links":{"self":[{"href":"https:\/\/www.correiodascidades.com.br\/v1\/wp-json\/wp\/v2\/posts\/2194"}],"collection":[{"href":"https:\/\/www.correiodascidades.com.br\/v1\/wp-json\/wp\/v2\/posts"}],"about":[{"href":"https:\/\/www.correiodascidades.com.br\/v1\/wp-json\/wp\/v2\/types\/post"}],"author":[{"embeddable":true,"href":"https:\/\/www.correiodascidades.com.br\/v1\/wp-json\/wp\/v2\/users\/3"}],"replies":[{"embeddable":true,"href":"https:\/\/www.correiodascidades.com.br\/v1\/wp-json\/wp\/v2\/comments?post=2194"}],"version-history":[{"count":1,"href":"https:\/\/www.correiodascidades.com.br\/v1\/wp-json\/wp\/v2\/posts\/2194\/revisions"}],"predecessor-version":[{"id":2196,"href":"https:\/\/www.correiodascidades.com.br\/v1\/wp-json\/wp\/v2\/posts\/2194\/revisions\/2196"}],"wp:featuredmedia":[{"embeddable":true,"href":"https:\/\/www.correiodascidades.com.br\/v1\/wp-json\/wp\/v2\/media\/2195"}],"wp:attachment":[{"href":"https:\/\/www.correiodascidades.com.br\/v1\/wp-json\/wp\/v2\/media?parent=2194"}],"wp:term":[{"taxonomy":"category","embeddable":true,"href":"https:\/\/www.correiodascidades.com.br\/v1\/wp-json\/wp\/v2\/categories?post=2194"},{"taxonomy":"post_tag","embeddable":true,"href":"https:\/\/www.correiodascidades.com.br\/v1\/wp-json\/wp\/v2\/tags?post=2194"}],"curies":[{"name":"wp","href":"https:\/\/api.w.org\/{rel}","templated":true}]}}