{"id":2206,"date":"2022-12-25T17:10:54","date_gmt":"2022-12-25T20:10:54","guid":{"rendered":"https:\/\/www.correiodascidades.com.br\/v1\/?p=2206"},"modified":"2022-12-25T17:10:54","modified_gmt":"2022-12-25T20:10:54","slug":"bandidos-tentam-escapar-do-presidio-salvador-e-policial-frustra-a-fuga","status":"publish","type":"post","link":"https:\/\/www.correiodascidades.com.br\/v1\/2022\/12\/25\/bandidos-tentam-escapar-do-presidio-salvador-e-policial-frustra-a-fuga\/","title":{"rendered":"Bandidos tentam escapar do Pres\u00eddio Salvador e policial frustra a fuga."},"content":{"rendered":"<p><img loading=\"lazy\" class=\"\" src=\"https:\/\/www.correiodascidades.com.br\/v1\/wp-content\/uploads\/2022\/12\/1de1b71c-bb7a-4a74-a6e2-8744c4693e8b-esta-aqqui_1-salva.jpeg\" width=\"599\" height=\"587\" \/><\/p>\n<p>Dois detentos tentaram pular o muro do Pres\u00eddio Salvador, em Mata Escura, na manh\u00e3 deste domingo (25\/12). Segundo informa\u00e7\u00f5es preliminares, um policial que estava no posto de servi\u00e7o percebeu a a\u00e7\u00e3o e efetuou disparos de arma de fogo com intuito de inibir a fuga.<!--more--><\/p>\n<p>Em seguida, foram realizadas rondas pelas guarni\u00e7\u00f5es do B G no entorno da unidade prisional e nada fora do comum foi constatado<\/p>\n<p>Al\u00e9m disso, os policiais penais procederam a contagem dos internos e tamb\u00e9m n\u00e3o encontraram nenhuma altera\u00e7\u00e3o.<\/p>\n","protected":false},"excerpt":{"rendered":"<p>Dois detentos tentaram pular o muro do Pres\u00eddio Salvador, em Mata Escura, na manh\u00e3 deste domingo (25\/12). Segundo informa\u00e7\u00f5es preliminares, um policial que estava no posto de servi\u00e7o percebeu a a\u00e7\u00e3o e efetuou disparos de arma de fogo com intuito de inibir a fuga.<\/p>\n","protected":false},"author":3,"featured_media":2207,"comment_status":"closed","ping_status":"closed","sticky":false,"template":"","format":"standard","meta":{"_links_to":"","_links_to_target":""},"categories":[1],"tags":[],"_links":{"self":[{"href":"https:\/\/www.correiodascidades.com.br\/v1\/wp-json\/wp\/v2\/posts\/2206"}],"collection":[{"href":"https:\/\/www.correiodascidades.com.br\/v1\/wp-json\/wp\/v2\/posts"}],"about":[{"href":"https:\/\/www.correiodascidades.com.br\/v1\/wp-json\/wp\/v2\/types\/post"}],"author":[{"embeddable":true,"href":"https:\/\/www.correiodascidades.com.br\/v1\/wp-json\/wp\/v2\/users\/3"}],"replies":[{"embeddable":true,"href":"https:\/\/www.correiodascidades.com.br\/v1\/wp-json\/wp\/v2\/comments?post=2206"}],"version-history":[{"count":1,"href":"https:\/\/www.correiodascidades.com.br\/v1\/wp-json\/wp\/v2\/posts\/2206\/revisions"}],"predecessor-version":[{"id":2208,"href":"https:\/\/www.correiodascidades.com.br\/v1\/wp-json\/wp\/v2\/posts\/2206\/revisions\/2208"}],"wp:featuredmedia":[{"embeddable":true,"href":"https:\/\/www.correiodascidades.com.br\/v1\/wp-json\/wp\/v2\/media\/2207"}],"wp:attachment":[{"href":"https:\/\/www.correiodascidades.com.br\/v1\/wp-json\/wp\/v2\/media?parent=2206"}],"wp:term":[{"taxonomy":"category","embeddable":true,"href":"https:\/\/www.correiodascidades.com.br\/v1\/wp-json\/wp\/v2\/categories?post=2206"},{"taxonomy":"post_tag","embeddable":true,"href":"https:\/\/www.correiodascidades.com.br\/v1\/wp-json\/wp\/v2\/tags?post=2206"}],"curies":[{"name":"wp","href":"https:\/\/api.w.org\/{rel}","templated":true}]}}