{"id":2216,"date":"2022-12-26T01:14:30","date_gmt":"2022-12-26T04:14:30","guid":{"rendered":"https:\/\/www.correiodascidades.com.br\/v1\/?p=2216"},"modified":"2022-12-26T01:23:34","modified_gmt":"2022-12-26T04:23:34","slug":"ilheus-ex-vereador-morre-na-cidade-sem-conotacao-politica","status":"publish","type":"post","link":"https:\/\/www.correiodascidades.com.br\/v1\/2022\/12\/26\/ilheus-ex-vereador-morre-na-cidade-sem-conotacao-politica\/","title":{"rendered":"\u00a0ILH\u00c9US: Ex-Vereador morre na cidade sem conota\u00e7\u00e3o politica."},"content":{"rendered":"<p><img loading=\"lazy\" class=\"\" src=\"https:\/\/www.correiodascidades.com.br\/v1\/wp-content\/uploads\/2022\/12\/transferir-3.jpeg\" width=\"604\" height=\"703\" \/><\/p>\n<p>As comemora\u00e7\u00f5es natalinas entre outros pensamentos comemorativos, fizeram com que os pol\u00edticos de Ilh\u00e9us, n\u00e3o percebesse o falecimento do ex-vereador Hamilton Andrade. Este teve seu passamento na sexta feira ( 23 ) e n\u00e3o foi notabilizado por quase ningu\u00e9m principalmente pelos pol\u00edticos locais.<\/p>\n<p>Prefeito, C\u00e2mara de Vereadores, n\u00e3o fizeram um gesto de lembran\u00e7a de quem foi Hamilton Andrade. Jos\u00e9 Nasal Pacheco-lamentou o fato, pois, segundo ele Hamilton foi um homem de grande relev\u00e2ncia para o crescimento e caminhar da cidade.<\/p>\n<p>Hamilton foi Vereador na d\u00e9cada de 1990 e com ele muitas a\u00e7\u00f5es parlamentares em defesa do municio.<\/p>\n<p>Hamilton foi enterrado no cemit\u00e9rio da Vit\u00f3ria na tarde de s\u00e1bado (24) na cidade de Ilh\u00e9us.<\/p>\n<p>&nbsp;<\/p>\n<p>&nbsp;<\/p>\n","protected":false},"excerpt":{"rendered":"<p>As comemora\u00e7\u00f5es natalinas entre outros pensamentos comemorativos, fizeram com que os pol\u00edticos de Ilh\u00e9us, n\u00e3o percebesse o falecimento do ex-vereador Hamilton Andrade. Este teve seu passamento na sexta feira ( 23 ) e n\u00e3o foi notabilizado por quase ningu\u00e9m principalmente pelos pol\u00edticos locais. Prefeito, C\u00e2mara de Vereadores, n\u00e3o fizeram um gesto de lembran\u00e7a de quem [&hellip;]<\/p>\n","protected":false},"author":3,"featured_media":2217,"comment_status":"closed","ping_status":"closed","sticky":false,"template":"","format":"standard","meta":{"_links_to":"","_links_to_target":""},"categories":[2],"tags":[],"_links":{"self":[{"href":"https:\/\/www.correiodascidades.com.br\/v1\/wp-json\/wp\/v2\/posts\/2216"}],"collection":[{"href":"https:\/\/www.correiodascidades.com.br\/v1\/wp-json\/wp\/v2\/posts"}],"about":[{"href":"https:\/\/www.correiodascidades.com.br\/v1\/wp-json\/wp\/v2\/types\/post"}],"author":[{"embeddable":true,"href":"https:\/\/www.correiodascidades.com.br\/v1\/wp-json\/wp\/v2\/users\/3"}],"replies":[{"embeddable":true,"href":"https:\/\/www.correiodascidades.com.br\/v1\/wp-json\/wp\/v2\/comments?post=2216"}],"version-history":[{"count":3,"href":"https:\/\/www.correiodascidades.com.br\/v1\/wp-json\/wp\/v2\/posts\/2216\/revisions"}],"predecessor-version":[{"id":2220,"href":"https:\/\/www.correiodascidades.com.br\/v1\/wp-json\/wp\/v2\/posts\/2216\/revisions\/2220"}],"wp:featuredmedia":[{"embeddable":true,"href":"https:\/\/www.correiodascidades.com.br\/v1\/wp-json\/wp\/v2\/media\/2217"}],"wp:attachment":[{"href":"https:\/\/www.correiodascidades.com.br\/v1\/wp-json\/wp\/v2\/media?parent=2216"}],"wp:term":[{"taxonomy":"category","embeddable":true,"href":"https:\/\/www.correiodascidades.com.br\/v1\/wp-json\/wp\/v2\/categories?post=2216"},{"taxonomy":"post_tag","embeddable":true,"href":"https:\/\/www.correiodascidades.com.br\/v1\/wp-json\/wp\/v2\/tags?post=2216"}],"curies":[{"name":"wp","href":"https:\/\/api.w.org\/{rel}","templated":true}]}}