{"id":2221,"date":"2022-12-26T02:18:51","date_gmt":"2022-12-26T05:18:51","guid":{"rendered":"https:\/\/www.correiodascidades.com.br\/v1\/?p=2221"},"modified":"2022-12-26T02:18:51","modified_gmt":"2022-12-26T05:18:51","slug":"bahia-governo-do-estado-atualizou-neste-domingo-os-municipios-afetados-com-as-chuvas","status":"publish","type":"post","link":"https:\/\/www.correiodascidades.com.br\/v1\/2022\/12\/26\/bahia-governo-do-estado-atualizou-neste-domingo-os-municipios-afetados-com-as-chuvas\/","title":{"rendered":"BAHIA: Governo do estado atualizou neste domingo os munic\u00edpios afetados com as chuvas"},"content":{"rendered":"<p><img loading=\"lazy\" class=\"\" src=\"https:\/\/www.correiodascidades.com.br\/v1\/wp-content\/uploads\/2022\/12\/images-esta-sim...jpeg\" width=\"600\" height=\"394\" \/><\/p>\n<p>S\u00e3o eles:<\/p>\n<p><strong>Munic\u00edpios afetados:\u00a0\u00a0<\/strong><\/p>\n<p><strong>Aiquara, Alagoinhas, Alcoba\u00e7a, Arataca, Baixa Grande, Barra do Cho\u00e7a, Barro Preto, Belo Campo, Boa Nova, Brej\u00f5es, Buerarema, Cachoeira, Canavieiras, Caravelas, Cardeal da Silva, C\u00edcero Dantas, Coaraci, D\u00e1rio Meira, Euclides da Cunha, Eun\u00e1polis, F\u00e1tima, Firmino Alves, Ibicara\u00ed, Ibicu\u00ed, Ibipeba, Ibirapu\u00e3, Igua\u00ed, Ilh\u00e9us.<\/strong><!--more--><\/p>\n<p><strong>, Inhambupe, Ipia\u00fa, Itabuna, Itaju do Col\u00f4nia, Itaju\u00edpe, Itamb\u00e9, Itanh\u00e9m, Itap\u00e9, Itapebi, Itapicuru, Itaquara, Itarantim, Itoror\u00f3, Itua\u00e7u, Jiquiri\u00e7a, Jucuru\u00e7u, Jussari, Lafaiete Coutinho, Maiquinique, Medeiros Neto, Mirante, Mutu\u00edpe, Nova Itarana, Nova Soure, Nova Vi\u00e7osa, Olindina, Pau Brasil, Pirip\u00e1, Planalto, Porto Seguro, Prado, Ribeira do Pombal, Ribeir\u00e3o do Largo, Santa Cruz Cabr\u00e1lia, Santa Cruz da Vit\u00f3ria, Santa Luzia, S\u00e3o F\u00e9lix, Teodoro Sampaio, Ubaitaba, Vereda, Vit\u00f3ria da Conquista, Wenceslau Guimar\u00e3es, Almadina, Aurelino Leal, Barra da Estiva, Catu, Cip\u00f3, Floresta Azul, Gand\u00fa, Guanambi, Guaratinga, Ibotirama, Itamaraju, Itapetinga, Jita\u00fana, Juazeiro, Manoel Vitorino, Maragojipe, Marcion\u00edlio Souza, Mascote, Santo Ant\u00f4nio de Jesus, S\u00e1tiro Dias, Tanha\u00e7u e Teixeira de Freitas.<\/strong><\/p>\n<p><strong>Entre todas as cidades, Ilh\u00e9us \u00e9 a que menos sofre pelo fato de chover e parar ao mesmo tempo a cidade tem um clima com mudan\u00e7as di\u00e1rias, sempre foi assim. Chove e para ao mesmo tempo faz sol. A cidade n\u00e3o recebe temporais fortes.<\/strong><\/p>\n<p><strong>Quando isso acontece faz parte deu m diluvio coisa do tipo.<\/strong><\/p>\n<p><strong>Outro fator \u00e9 que o munic\u00edpio \u201c Ilh\u00e9us\u201d tem uma dimens\u00e3o grande de rios, e oceanos, o que possibilita o escoamento r\u00e1pido al\u00e9m da cidade ser a principal respons\u00e1vel pelo acolhimento das aguas que descem do Rio Cachoeira entre outros afluentes. <\/strong><br \/>\n<!--more--><\/p>\n<p>&nbsp;<\/p>\n<p><strong>Rodovias afetadas pelas chuvas<\/strong><\/p>\n<p>&nbsp;<\/p>\n<p><strong>A Secretaria de Infraestrutura da Bahia (Seinfra) informa o registro de 40 ocorr\u00eancias em rodovias baianas em decorr\u00eancia das chuvas desde o m\u00eas de novembro. Deste total, 33 pontos j\u00e1 est\u00e3o com o tr\u00e1fego restabelecido, quatro trechos est\u00e3o com tr\u00e1fego interrompido e tr\u00eas com o tr\u00e2nsito liberado em meia pista. As interven\u00e7\u00f5es tamb\u00e9m contam com o apoio dos Cons\u00f3rcios Intermunicipais de Infraestrutura. Segue rela\u00e7\u00e3o dos trechos de rodovias baianas e pontes que est\u00e3o com tr\u00e1fego interrompido e\/ou em meia pista:<\/strong><\/p>\n<p>&nbsp;<\/p>\n<p>&nbsp;<\/p>\n<p><strong>Trechos com tr\u00e1fego interrompido:<\/strong><\/p>\n<p><strong>M\u00e9dio Sudoeste da Bahia<\/strong><\/p>\n<p>&nbsp;<\/p>\n<p><strong>BA-130: Maiquinique &#8211; Divisa BA\/MG<\/strong><\/p>\n<p>&nbsp;<\/p>\n<p><strong>1 &#8211; Um pontilh\u00e3o no KM 730 na BA-130, que liga Maiquinique a divisa entre Bahia e Minas Gerais, cedeu por conta das fortes chuvas da \u00faltima sexta-feira (23\/12) na regi\u00e3o do M\u00e9dio Sudoeste baiano. A equipe t\u00e9cnica da Seinfra est\u00e1 no local aguardando a melhoria das condi\u00e7\u00f5es clim\u00e1ticas para iniciar os servi\u00e7os emergenciais. O tr\u00e1fego ainda est\u00e1 interrompido.<\/strong><\/p>\n<p>&nbsp;<\/p>\n<p><strong>Extremo Sul<\/strong><\/p>\n<p>&nbsp;<\/p>\n<p><strong>BA-284: Itamaraju &#8211; Nova Alegria &#8211; Alho &#8211; Jucuru\u00e7u<\/strong><\/p>\n<p>&nbsp;<\/p>\n<p><strong>2 &#8211; O desvio provis\u00f3rio constru\u00eddo na BA-284, entre Itamaraju e Jucuru\u00e7u, na regi\u00e3o do distrito de Nova Alegria, cedeu ap\u00f3s as chuvas na madrugada da \u00faltima sexta-feira (23\/12). A equipe t\u00e9cnica da Seinfra j\u00e1 est\u00e1 no local aguardando a redu\u00e7\u00e3o do n\u00edvel de \u00e1gua para iniciar os servi\u00e7os emergenciais a fim de recompor o desvio provis\u00f3rio. O tr\u00e1fego de ve\u00edculos na rodovia est\u00e1 interrompido.<\/strong><\/p>\n<p>&nbsp;<\/p>\n<p><strong>BA-001: Prado &#8211; Cumuruxatiba<\/strong><\/p>\n<p>&nbsp;<\/p>\n<p><strong>3 &#8211; Um rompimento foi registrado no KM 5 da BA-001, saindo de Prado em dire\u00e7\u00e3o \u00e0 Cumuruxatiba, ap\u00f3s as fortes chuvas da madrugada da \u00faltima sexta-feira (23\/12). Para verificar mais detalhes, a equipe t\u00e9cnica da Seinfra est\u00e1 em deslocamento at\u00e9 o ponto afetado da rodovia. As a\u00e7\u00f5es emergenciais come\u00e7ar\u00e3o assim que melhorar as condi\u00e7\u00f5es clim\u00e1ticas na regi\u00e3o. O tr\u00e2nsito de ve\u00edculos neste trecho da BA-001 est\u00e1 interrompido.<\/strong><\/p>\n<p>&nbsp;<\/p>\n<p><strong>Litoral Sul<\/strong><\/p>\n<p>&nbsp;<\/p>\n<p><strong>BA-671: Itaju do Col\u00f4nia &#8211; Palmira<\/strong><\/p>\n<p>&nbsp;<\/p>\n<p><strong>4 &#8211; O desvio provis\u00f3rio da ponte sobre o Rio Nova Alegria, entre Itaju do Col\u00f4nia e Palmira, na BA-671, cedeu durante as chuvas da \u00faltima sexta-feira (23\/12). A empresa respons\u00e1vel pela manuten\u00e7\u00e3o da rodovia ir\u00e1 iniciar os servi\u00e7os de recomposi\u00e7\u00e3o do desvio assim que melhorar as condi\u00e7\u00f5es clim\u00e1ticas. O local est\u00e1 sinalizado e o tr\u00e1fego de ve\u00edculos no trecho permanece interrompido.<\/strong><\/p>\n<p>&nbsp;<\/p>\n<p><strong>Trechos com tr\u00e1fego interrompido em meia pista:<\/strong><\/p>\n<p>&nbsp;<\/p>\n<p><strong>Extremo Sul<\/strong><\/p>\n<p>&nbsp;<\/p>\n<p><strong>BR-489: Itamaraju &#8211; Prado<\/strong><\/p>\n<p>&nbsp;<\/p>\n<p><strong>1 &#8211; Uma das cabeceiras da ponte localizada na \u00e1rea urbana de Itamaraju, no trecho para quem segue em dire\u00e7\u00e3o \u00e0 Prado, na BR-489, foi afetada por conta das chuvas na \u00faltima sexta-feira (23\/12). Uma inspe\u00e7\u00e3o no local foi realizada pela equipe t\u00e9cnica da Defesa Civil para verificar a situa\u00e7\u00e3o e tomar as provid\u00eancias necess\u00e1rias. A Pol\u00edcia Rodovi\u00e1ria Estadual (PRE) est\u00e1 no trecho a fim de controlar o tr\u00e1fego de ve\u00edculos, que est\u00e1 em ritmo lento.<\/strong><\/p>\n<p>&nbsp;<\/p>\n<p><strong>BA-001: Prado &#8211; Alcoba\u00e7a<\/strong><\/p>\n<p><img src=\"https:\/\/www.correiodascidades.com.br\/v1\/wp-content\/uploads\/2022\/12\/image-4.jpeg\" \/><\/p>\n<p><strong>2 &#8211; Um buraco na pista na BA-001, entre Prado e Alcoba\u00e7a, na regi\u00e3o do Condom\u00ednio Guaratiba, surgiu por conta das fortes chuvas do \u00faltimo s\u00e1bado (24\/12). O Cons\u00f3rcio Construir, respons\u00e1vel pela manuten\u00e7\u00e3o da rodovia, j\u00e1 est\u00e1 no local com os equipamentos realizando os servi\u00e7os de reparo. Na sexta-feira (23\/12), as \u00e1guas da chuva haviam levado materiais para a via. O tr\u00e1fego de ve\u00edculos no trecho est\u00e1 em meia pista e tem a previs\u00e3o de ser totalmente liberado at\u00e9 o final deste domingo (25\/12).<\/strong><\/p>\n<p>&nbsp;<\/p>\n<p><strong>M\u00e9dio Sudoeste da Bahia<\/strong><\/p>\n<p>&nbsp;<\/p>\n<p><strong>BA-670: Potiragu\u00e1 &#8211; Itoror\u00f3<\/strong><\/p>\n<p><img loading=\"lazy\" class=\"alignnone size-full wp-image-2222\" src=\"https:\/\/www.correiodascidades.com.br\/v1\/wp-content\/uploads\/2022\/12\/transferir-_1_-4.jpeg\" alt=\"\" width=\"259\" height=\"194\" \/><\/p>\n<p><strong>3 &#8211; Um dos encontros da ponte no km 25 da BA-670, entre Potiragu\u00e1 e Itoror\u00f3, cedeu por conta das chuvas na noite da \u00faltima sexta-feira (23\/12). Uma inspe\u00e7\u00e3o no local foi realizada pela equipe t\u00e9cnica da Seinfra neste s\u00e1bado (24\/12). Na visita foi detectado que houve o surgimento de um buraco, que causou a interrup\u00e7\u00e3o parcial da via. O local j\u00e1 foi sinalizado pela Pol\u00edcia Rodovi\u00e1ria Estadual (PRE). O tr\u00e1fego est\u00e1 em meia pista.<\/strong><\/p>\n<p>&nbsp;<\/p>\n","protected":false},"excerpt":{"rendered":"<p>S\u00e3o eles: Munic\u00edpios afetados:\u00a0\u00a0 Aiquara, Alagoinhas, Alcoba\u00e7a, Arataca, Baixa Grande, Barra do Cho\u00e7a, Barro Preto, Belo Campo, Boa Nova, Brej\u00f5es, Buerarema, Cachoeira, Canavieiras, Caravelas, Cardeal da Silva, C\u00edcero Dantas, Coaraci, D\u00e1rio Meira, Euclides da Cunha, Eun\u00e1polis, F\u00e1tima, Firmino Alves, Ibicara\u00ed, Ibicu\u00ed, Ibipeba, Ibirapu\u00e3, Igua\u00ed, Ilh\u00e9us.<\/p>\n","protected":false},"author":3,"featured_media":2223,"comment_status":"closed","ping_status":"closed","sticky":false,"template":"","format":"standard","meta":{"_links_to":"","_links_to_target":""},"categories":[2],"tags":[],"_links":{"self":[{"href":"https:\/\/www.correiodascidades.com.br\/v1\/wp-json\/wp\/v2\/posts\/2221"}],"collection":[{"href":"https:\/\/www.correiodascidades.com.br\/v1\/wp-json\/wp\/v2\/posts"}],"about":[{"href":"https:\/\/www.correiodascidades.com.br\/v1\/wp-json\/wp\/v2\/types\/post"}],"author":[{"embeddable":true,"href":"https:\/\/www.correiodascidades.com.br\/v1\/wp-json\/wp\/v2\/users\/3"}],"replies":[{"embeddable":true,"href":"https:\/\/www.correiodascidades.com.br\/v1\/wp-json\/wp\/v2\/comments?post=2221"}],"version-history":[{"count":1,"href":"https:\/\/www.correiodascidades.com.br\/v1\/wp-json\/wp\/v2\/posts\/2221\/revisions"}],"predecessor-version":[{"id":2224,"href":"https:\/\/www.correiodascidades.com.br\/v1\/wp-json\/wp\/v2\/posts\/2221\/revisions\/2224"}],"wp:featuredmedia":[{"embeddable":true,"href":"https:\/\/www.correiodascidades.com.br\/v1\/wp-json\/wp\/v2\/media\/2223"}],"wp:attachment":[{"href":"https:\/\/www.correiodascidades.com.br\/v1\/wp-json\/wp\/v2\/media?parent=2221"}],"wp:term":[{"taxonomy":"category","embeddable":true,"href":"https:\/\/www.correiodascidades.com.br\/v1\/wp-json\/wp\/v2\/categories?post=2221"},{"taxonomy":"post_tag","embeddable":true,"href":"https:\/\/www.correiodascidades.com.br\/v1\/wp-json\/wp\/v2\/tags?post=2221"}],"curies":[{"name":"wp","href":"https:\/\/api.w.org\/{rel}","templated":true}]}}