{"id":2229,"date":"2022-12-26T22:11:21","date_gmt":"2022-12-27T01:11:21","guid":{"rendered":"https:\/\/www.correiodascidades.com.br\/v1\/?p=2229"},"modified":"2022-12-26T22:11:21","modified_gmt":"2022-12-27T01:11:21","slug":"ilheus-familia-procura-um-jovem-desaparecido","status":"publish","type":"post","link":"https:\/\/www.correiodascidades.com.br\/v1\/2022\/12\/26\/ilheus-familia-procura-um-jovem-desaparecido\/","title":{"rendered":"ILH\u00c9US: Fam\u00edlia procura um jovem desaparecido."},"content":{"rendered":"<p><img loading=\"lazy\" class=\"\" src=\"https:\/\/www.correiodascidades.com.br\/v1\/wp-content\/uploads\/2022\/12\/28455e71-c97a-44cf-a222-2e8c058327c0-_1_-salva.jpeg\" width=\"593\" height=\"1053\" \/><\/p>\n<p>Trata-se de Rian Barreto Castro o mesmo trabalha\u00a0 na cabana de praia no Sul da cidade \u00a0conhecida como cabana de barriga, \u00a0ele tem 21 anos. <!--more-->Informa\u00e7\u00f5es d\u00e3o conta de que o mesmo foi visto pela \u00faltima vez por volta das 20:00hrs em uma localidade pr\u00f3ximo a um bar, \u00a0na entrada do Bairro Nelson Costa, na rua localizada como Proa.<\/p>\n<p>A fam\u00edlia procura desesperadamente para isso colocou a disposi\u00e7\u00e3o os seguinte s telefones: 73 9 8151 \u2013 2126 \/ 73 99848-6019. Quem souber do paradeiro favor entrar em contato.<\/p>\n<p>De acordo com in forma\u00e7\u00f5es de familiares trata-se de um rapaz trabalhador e pessoa de familia sem nenhum tipo de procedimento de m\u00e1 conduta. Homem de familia adorado por todos.<\/p>\n","protected":false},"excerpt":{"rendered":"<p>Trata-se de Rian Barreto Castro o mesmo trabalha\u00a0 na cabana de praia no Sul da cidade \u00a0conhecida como cabana de barriga, \u00a0ele tem 21 anos.<\/p>\n","protected":false},"author":3,"featured_media":2230,"comment_status":"closed","ping_status":"closed","sticky":false,"template":"","format":"standard","meta":{"_links_to":"","_links_to_target":""},"categories":[2],"tags":[],"_links":{"self":[{"href":"https:\/\/www.correiodascidades.com.br\/v1\/wp-json\/wp\/v2\/posts\/2229"}],"collection":[{"href":"https:\/\/www.correiodascidades.com.br\/v1\/wp-json\/wp\/v2\/posts"}],"about":[{"href":"https:\/\/www.correiodascidades.com.br\/v1\/wp-json\/wp\/v2\/types\/post"}],"author":[{"embeddable":true,"href":"https:\/\/www.correiodascidades.com.br\/v1\/wp-json\/wp\/v2\/users\/3"}],"replies":[{"embeddable":true,"href":"https:\/\/www.correiodascidades.com.br\/v1\/wp-json\/wp\/v2\/comments?post=2229"}],"version-history":[{"count":1,"href":"https:\/\/www.correiodascidades.com.br\/v1\/wp-json\/wp\/v2\/posts\/2229\/revisions"}],"predecessor-version":[{"id":2231,"href":"https:\/\/www.correiodascidades.com.br\/v1\/wp-json\/wp\/v2\/posts\/2229\/revisions\/2231"}],"wp:featuredmedia":[{"embeddable":true,"href":"https:\/\/www.correiodascidades.com.br\/v1\/wp-json\/wp\/v2\/media\/2230"}],"wp:attachment":[{"href":"https:\/\/www.correiodascidades.com.br\/v1\/wp-json\/wp\/v2\/media?parent=2229"}],"wp:term":[{"taxonomy":"category","embeddable":true,"href":"https:\/\/www.correiodascidades.com.br\/v1\/wp-json\/wp\/v2\/categories?post=2229"},{"taxonomy":"post_tag","embeddable":true,"href":"https:\/\/www.correiodascidades.com.br\/v1\/wp-json\/wp\/v2\/tags?post=2229"}],"curies":[{"name":"wp","href":"https:\/\/api.w.org\/{rel}","templated":true}]}}