{"id":2234,"date":"2022-12-26T22:44:52","date_gmt":"2022-12-27T01:44:52","guid":{"rendered":"https:\/\/www.correiodascidades.com.br\/v1\/?p=2234"},"modified":"2022-12-26T22:58:18","modified_gmt":"2022-12-27T01:58:18","slug":"itacare-prefeitura-promete-processar-a-chesf-pelas-enchetes","status":"publish","type":"post","link":"https:\/\/www.correiodascidades.com.br\/v1\/2022\/12\/26\/itacare-prefeitura-promete-processar-a-chesf-pelas-enchetes\/","title":{"rendered":"ITACAR\u00c9: Prefeitura promete processar a CHESF pelas enchetes."},"content":{"rendered":"<p>Falando em um tom bem pr\u00f3ximo de quem est\u00e1 vendo os estragos nas cidades atingidas pelas chuvas nos \u00faltimos dias, An\u00edsio se coloca como defensor e principal criador de um consorcio que provocar\u00e1 o Minist\u00e9rio P\u00fablico em desfavor a CHESF. Este par\u00e1grafo foi escrito pelo Correio das Cidades.<\/p>\n<p><img loading=\"lazy\" class=\"\" src=\"https:\/\/www.correiodascidades.com.br\/v1\/wp-content\/uploads\/2022\/12\/images-1.jpeg\" width=\"591\" height=\"435\" \/><\/p>\n<p>O prefeito\u00a0 Tonho de An\u00edzio (PT), afirmou que os munic\u00edpios prejudicados pela enchente do Rio de Contas v\u00e3o mover uma a\u00e7\u00e3o judicial contra a Companhia Hidrel\u00e9trica do S\u00e3o Francisco (Chefs), respons\u00e1vel pelas barragens das usinas de Pedra e do Funil. Segundo o mandat\u00e1rio, a Companhia n\u00e3o tem plano de a\u00e7\u00e3o para orientar e auxiliar as prefeituras das cidades afetadas pelo aumento brusco da vaz\u00e3o das barragens, como ocorreu neste final de semana.<!--more--><\/p>\n<p>\u2013 A Chesf tem tido uma irresponsabilidade muito grande nessa quest\u00e3o das enchentes. Ela n\u00e3o tem um plano de conting\u00eancia para auxiliar os munic\u00edpios. As \u00e1guas chegaram de forma imediata, pegando a todos de surpresa. \u00c9 uma grande irresponsabilidade da Chesf. N\u00f3s, enquanto Cons\u00f3rcio do Territ\u00f3rio Litoral Sul, vamos entrar com uma a\u00e7\u00e3o judicial contra a Chesf, para poder haver o enquadramento legal \u2013 declarou Tonho de An\u00edzio ao PIMENTA, nesta segunda-feira (26).<\/p>\n<p>A pedido do site, o prefeito detalhou o objetivo do processo. \u201cVamos pedir pra sentar \u00e0 mesa com a Chesf, porque at\u00e9 hoje n\u00e3o teve uma reuni\u00e3o [sobre o problema das enchentes]. Itacar\u00e9 pediu, o Cons\u00f3rcio pediu, e eles n\u00e3o d\u00e3o uma satisfa\u00e7\u00e3o.\u00a0Eles soltam a \u00e1gua na hora que acham que tem que liberar, sem preparar os munic\u00edpios para receber esse volume\u201d.<\/p>\n<p>Com um plano de conting\u00eancia, continuou o prefeito, a empresa teria condi\u00e7\u00f5es de antecipar aos munic\u00edpios informa\u00e7\u00f5es determinantes para a evacua\u00e7\u00e3o segura das \u00e1reas de risco. \u201cImagine a correria que \u00e9 para retirar moradores, abrigar, v\u00ea local, alimenta\u00e7\u00e3o, colch\u00e3o, cobertores, sem contar com os danos \u00e0 infraestrutura dos munic\u00edpios\u201d.<\/p>\n<p>O secret\u00e1rio de Meio Ambiente de Itacar\u00e9, Marcos Luedy, respaldou o posicionamento do prefeito. Segundo ele, s\u00f3 um plano de a\u00e7\u00e3o, estabelecendo procedimentos espec\u00edficos para per\u00edodos de fortes chuvas, evitar\u00e1 que os munic\u00edpios sejam obrigados a lidar com o problema no improviso.<\/p>\n<p>Nesta segunda-feira (26), Tonho de An\u00edzio participou de reuni\u00e3o virtual com o governador em exerc\u00edcio Adolfo Menezes (PSD) e o governador eleito Jer\u00f4nimo Rodrigues (PT). Na conversa, segundo o prefeito, foi acertado que o Governo da Bahia enviar\u00e1 cestas b\u00e1sicas, colch\u00f5es e cobertores para Itacar\u00e9. At\u00e9 o final da tarde, o munic\u00edpio tinha 50 fam\u00edlias desabrigadas e desalojadas. \u201cGra\u00e7as a Deus, n\u00e3o tivemos \u00f3bito, mas a situa\u00e7\u00e3o \u00e9 delicada\u201d, concluiu o prefeito. As refer\u00eancias est\u00e3o em www.pimentanamuqeca.com.br<\/p>\n","protected":false},"excerpt":{"rendered":"<p>Falando em um tom bem pr\u00f3ximo de quem est\u00e1 vendo os estragos nas cidades atingidas pelas chuvas nos \u00faltimos dias, An\u00edsio se coloca como defensor e principal criador de um consorcio que provocar\u00e1 o Minist\u00e9rio P\u00fablico em desfavor a CHESF. Este par\u00e1grafo foi escrito pelo Correio das Cidades. O prefeito\u00a0 Tonho de An\u00edzio (PT), afirmou [&hellip;]<\/p>\n","protected":false},"author":3,"featured_media":2235,"comment_status":"closed","ping_status":"closed","sticky":false,"template":"","format":"standard","meta":{"_links_to":"","_links_to_target":""},"categories":[2],"tags":[],"_links":{"self":[{"href":"https:\/\/www.correiodascidades.com.br\/v1\/wp-json\/wp\/v2\/posts\/2234"}],"collection":[{"href":"https:\/\/www.correiodascidades.com.br\/v1\/wp-json\/wp\/v2\/posts"}],"about":[{"href":"https:\/\/www.correiodascidades.com.br\/v1\/wp-json\/wp\/v2\/types\/post"}],"author":[{"embeddable":true,"href":"https:\/\/www.correiodascidades.com.br\/v1\/wp-json\/wp\/v2\/users\/3"}],"replies":[{"embeddable":true,"href":"https:\/\/www.correiodascidades.com.br\/v1\/wp-json\/wp\/v2\/comments?post=2234"}],"version-history":[{"count":6,"href":"https:\/\/www.correiodascidades.com.br\/v1\/wp-json\/wp\/v2\/posts\/2234\/revisions"}],"predecessor-version":[{"id":2241,"href":"https:\/\/www.correiodascidades.com.br\/v1\/wp-json\/wp\/v2\/posts\/2234\/revisions\/2241"}],"wp:featuredmedia":[{"embeddable":true,"href":"https:\/\/www.correiodascidades.com.br\/v1\/wp-json\/wp\/v2\/media\/2235"}],"wp:attachment":[{"href":"https:\/\/www.correiodascidades.com.br\/v1\/wp-json\/wp\/v2\/media?parent=2234"}],"wp:term":[{"taxonomy":"category","embeddable":true,"href":"https:\/\/www.correiodascidades.com.br\/v1\/wp-json\/wp\/v2\/categories?post=2234"},{"taxonomy":"post_tag","embeddable":true,"href":"https:\/\/www.correiodascidades.com.br\/v1\/wp-json\/wp\/v2\/tags?post=2234"}],"curies":[{"name":"wp","href":"https:\/\/api.w.org\/{rel}","templated":true}]}}