{"id":2251,"date":"2022-12-27T22:59:57","date_gmt":"2022-12-28T01:59:57","guid":{"rendered":"https:\/\/www.correiodascidades.com.br\/v1\/?p=2251"},"modified":"2022-12-27T22:59:57","modified_gmt":"2022-12-28T01:59:57","slug":"aprovado-novo-salario-minimo-para-2023","status":"publish","type":"post","link":"https:\/\/www.correiodascidades.com.br\/v1\/2022\/12\/27\/aprovado-novo-salario-minimo-para-2023\/","title":{"rendered":"Aprovado novo sal\u00e1rio m\u00ednimo para 2023"},"content":{"rendered":"<p><img loading=\"lazy\" class=\"\" src=\"https:\/\/www.correiodascidades.com.br\/v1\/wp-content\/uploads\/2022\/12\/Screenshot_13.jpeg\" width=\"608\" height=\"304\" \/><\/p>\n<p>Aprovado novo sal\u00e1rio m\u00ednimo para 2023 A partir de 1\u00ba de janeiro de 2023, o sal\u00e1rio m\u00ednimo, que atualmente \u00e9 de R$ 1.212, ser\u00e1 de R$ 1.302.<!--more--><\/p>\n<div>O valor atualizado est\u00e1 em uma medida provis\u00f3ria publicada nesta segunda-feira (12) no Di\u00e1rio Oficial da Uni\u00e3o.<\/div>\n<div>Em nota, a Secretaria-Geral da Presid\u00eancia da Rep\u00fablica explicou que valor considera uma varia\u00e7\u00e3o da infla\u00e7\u00e3o de 5,81%, acrescida de ganho real de cerca de 1,5%.<\/div>\n","protected":false},"excerpt":{"rendered":"<p>Aprovado novo sal\u00e1rio m\u00ednimo para 2023 A partir de 1\u00ba de janeiro de 2023, o sal\u00e1rio m\u00ednimo, que atualmente \u00e9 de R$ 1.212, ser\u00e1 de R$ 1.302.<\/p>\n","protected":false},"author":3,"featured_media":2252,"comment_status":"closed","ping_status":"closed","sticky":false,"template":"","format":"standard","meta":{"_links_to":"","_links_to_target":""},"categories":[1],"tags":[],"_links":{"self":[{"href":"https:\/\/www.correiodascidades.com.br\/v1\/wp-json\/wp\/v2\/posts\/2251"}],"collection":[{"href":"https:\/\/www.correiodascidades.com.br\/v1\/wp-json\/wp\/v2\/posts"}],"about":[{"href":"https:\/\/www.correiodascidades.com.br\/v1\/wp-json\/wp\/v2\/types\/post"}],"author":[{"embeddable":true,"href":"https:\/\/www.correiodascidades.com.br\/v1\/wp-json\/wp\/v2\/users\/3"}],"replies":[{"embeddable":true,"href":"https:\/\/www.correiodascidades.com.br\/v1\/wp-json\/wp\/v2\/comments?post=2251"}],"version-history":[{"count":1,"href":"https:\/\/www.correiodascidades.com.br\/v1\/wp-json\/wp\/v2\/posts\/2251\/revisions"}],"predecessor-version":[{"id":2253,"href":"https:\/\/www.correiodascidades.com.br\/v1\/wp-json\/wp\/v2\/posts\/2251\/revisions\/2253"}],"wp:featuredmedia":[{"embeddable":true,"href":"https:\/\/www.correiodascidades.com.br\/v1\/wp-json\/wp\/v2\/media\/2252"}],"wp:attachment":[{"href":"https:\/\/www.correiodascidades.com.br\/v1\/wp-json\/wp\/v2\/media?parent=2251"}],"wp:term":[{"taxonomy":"category","embeddable":true,"href":"https:\/\/www.correiodascidades.com.br\/v1\/wp-json\/wp\/v2\/categories?post=2251"},{"taxonomy":"post_tag","embeddable":true,"href":"https:\/\/www.correiodascidades.com.br\/v1\/wp-json\/wp\/v2\/tags?post=2251"}],"curies":[{"name":"wp","href":"https:\/\/api.w.org\/{rel}","templated":true}]}}