{"id":2254,"date":"2022-12-27T23:16:22","date_gmt":"2022-12-28T02:16:22","guid":{"rendered":"https:\/\/www.correiodascidades.com.br\/v1\/?p=2254"},"modified":"2022-12-27T23:16:22","modified_gmt":"2022-12-28T02:16:22","slug":"ilheus-pacientes-que-fazem-hemodialise-ficam-sem-poder-retornar-para-suas-casas","status":"publish","type":"post","link":"https:\/\/www.correiodascidades.com.br\/v1\/2022\/12\/27\/ilheus-pacientes-que-fazem-hemodialise-ficam-sem-poder-retornar-para-suas-casas\/","title":{"rendered":"ILH\u00c9US: Pacientes que fazem hemodi\u00e1lise ficam sem poder retornar para suas casas."},"content":{"rendered":"<p><img loading=\"lazy\" class=\"\" src=\"https:\/\/www.correiodascidades.com.br\/v1\/wp-content\/uploads\/2022\/12\/fe22b471-0783-474a-b56d-f6124f0ffcd7-1.jpeg\" width=\"602\" height=\"1273\" \/><\/p>\n<p>Foi o que disse uma filha de um paciente ao esperar pelo carro da prefeitura da cidade que estava quebrado. Segundo a denunciante que procurou esta reportagem, ela disse que; Mais uma vez os pacientes da hemodi\u00e1lise de ilh\u00e9us est\u00e3o sem transporte, pois, na data do dia 26 de dezembro de 2022 (ter\u00e7a feira), os pacientes entre eles seu pai de pr\u00e9 nome Valdo da silva L\u00edrio \u00e9\u00a0 um hipertenso diab\u00e9tico. O precisa do transporte como loco\u00e7\u00e3o para sair do bairro Nelson Costa em dias alternados da semana para o procedimento m\u00e9dico.<!--more--><\/p>\n<p>E nesta segunda feira, o mesmo ficou sem o transporte para voltar pra casa , depois de passar 4 horas numa m\u00e1quina.<\/p>\n<p>A mulher \u201c filha do paciente\u201d informou ainda que o carro estava quebrado e eles n\u00e3o tiveram como voltar. O paciente assim como outros s\u00e3o da cidade e tem o direito do transporte assegurado.<\/p>\n<p>&nbsp;<\/p>\n<p>&nbsp;<\/p>\n","protected":false},"excerpt":{"rendered":"<p>Foi o que disse uma filha de um paciente ao esperar pelo carro da prefeitura da cidade que estava quebrado. Segundo a denunciante que procurou esta reportagem, ela disse que; Mais uma vez os pacientes da hemodi\u00e1lise de ilh\u00e9us est\u00e3o sem transporte, pois, na data do dia 26 de dezembro de 2022 (ter\u00e7a feira), os [&hellip;]<\/p>\n","protected":false},"author":3,"featured_media":2256,"comment_status":"closed","ping_status":"closed","sticky":false,"template":"","format":"standard","meta":{"_links_to":"","_links_to_target":""},"categories":[2],"tags":[],"_links":{"self":[{"href":"https:\/\/www.correiodascidades.com.br\/v1\/wp-json\/wp\/v2\/posts\/2254"}],"collection":[{"href":"https:\/\/www.correiodascidades.com.br\/v1\/wp-json\/wp\/v2\/posts"}],"about":[{"href":"https:\/\/www.correiodascidades.com.br\/v1\/wp-json\/wp\/v2\/types\/post"}],"author":[{"embeddable":true,"href":"https:\/\/www.correiodascidades.com.br\/v1\/wp-json\/wp\/v2\/users\/3"}],"replies":[{"embeddable":true,"href":"https:\/\/www.correiodascidades.com.br\/v1\/wp-json\/wp\/v2\/comments?post=2254"}],"version-history":[{"count":1,"href":"https:\/\/www.correiodascidades.com.br\/v1\/wp-json\/wp\/v2\/posts\/2254\/revisions"}],"predecessor-version":[{"id":2257,"href":"https:\/\/www.correiodascidades.com.br\/v1\/wp-json\/wp\/v2\/posts\/2254\/revisions\/2257"}],"wp:featuredmedia":[{"embeddable":true,"href":"https:\/\/www.correiodascidades.com.br\/v1\/wp-json\/wp\/v2\/media\/2256"}],"wp:attachment":[{"href":"https:\/\/www.correiodascidades.com.br\/v1\/wp-json\/wp\/v2\/media?parent=2254"}],"wp:term":[{"taxonomy":"category","embeddable":true,"href":"https:\/\/www.correiodascidades.com.br\/v1\/wp-json\/wp\/v2\/categories?post=2254"},{"taxonomy":"post_tag","embeddable":true,"href":"https:\/\/www.correiodascidades.com.br\/v1\/wp-json\/wp\/v2\/tags?post=2254"}],"curies":[{"name":"wp","href":"https:\/\/api.w.org\/{rel}","templated":true}]}}